{"id":4733,"date":"2023-07-11T08:37:47","date_gmt":"2023-07-11T08:37:47","guid":{"rendered":"https:\/\/planescomplementariossalud.es\/?p=4733"},"modified":"2023-11-23T14:31:33","modified_gmt":"2023-11-23T14:31:33","slug":"oscar-millet-curso-verano-akribea","status":"publish","type":"post","link":"https:\/\/planescomplementariossalud.es\/gl\/oscar-millet-curso-verano-akribea\/","title":{"rendered":"\u00d3scar Millet participa en un curso de verano sobre Ciencia y Tecnolog\u00eda km 0 en el Pa\u00eds Vasco y presenta el proyecto AKRIBEA"},"content":{"rendered":"\n<p><strong>Los pasados d\u00edas 3 y 4 de julio de 2023, \u00d3scar Millet, coordinador de la l\u00ednea de actuaci\u00f3n 2 del Plan Complementario de Biotecnolog\u00eda Aplicada a la Salud e investigador principal, del \u201cLaboratorio de Medicina de Precisi\u00f3n y Metabolismo\u201d de CIC bioGUNE, particip\u00f3 del curso de verano sobre Ciencia y Tecnolog\u00eda km 0 presentando el proyecto AKRIBEA y su relevancia para la medicina de precisi\u00f3n.<\/strong><\/p>\n\n\n\n<div class=\"wp-block-columns is-layout-flex wp-container-core-columns-is-layout-28f84493 wp-block-columns-is-layout-flex\">\n<div class=\"wp-block-column is-layout-flow wp-block-column-is-layout-flow\">\n<figure class=\"wp-block-image aligncenter size-full\"><img fetchpriority=\"high\" decoding=\"async\" width=\"599\" height=\"404\" src=\"https:\/\/planescomplementariossalud.es\/wp-content\/uploads\/2023\/07\/Oscar-MilletFotosOscar-Millet_Fotos-2_600x400.jpg\" alt=\"\" class=\"wp-image-4717\" srcset=\"https:\/\/planescomplementariossalud.es\/wp-content\/uploads\/2023\/07\/Oscar-MilletFotosOscar-Millet_Fotos-2_600x400.jpg 599w, https:\/\/planescomplementariossalud.es\/wp-content\/uploads\/2023\/07\/Oscar-MilletFotosOscar-Millet_Fotos-2_600x400-300x202.jpg 300w\" sizes=\"(max-width: 599px) 100vw, 599px\" \/><\/figure>\n<\/div>\n<\/div>\n\n\n\n<p>El curso de verano sobre Ciencia y Tecnolog\u00eda km 0, organizado por la <a rel=\"noreferrer noopener\" href=\"https:\/\/www.brta.eus\/es\/inicio\" target=\"_blank\">Basque Research &amp; Technology Alliance (BRTA)<\/a>, en colaboraci\u00f3n con la <a rel=\"noreferrer noopener\" href=\"https:\/\/www.ehu.eus\/es\/home\" target=\"_blank\">Universidad del Pa\u00eds Vasco\/Euskal Herriko Unibertsitatea (UPV\/EHU)<\/a>, tuvo lugar recientemente en el prestigioso Palacio Miramar en San Sebasti\u00e1n. Su objetivo fue acercar a la sociedad algunos de los avances destacados en investigaci\u00f3n y tecnolog\u00eda que se est\u00e1n llevando a cabo en el Pa\u00eds Vasco. En este contexto, <a href=\"https:\/\/www.cicbiogune.es\/people\/omillet\">Oscar Millet<\/a>, tambi\u00e9n miembro del BRTA investigador principal en el <a href=\"https:\/\/www.cicbiogune.es\/\">CIC bioGUNE<\/a>, present\u00f3 el proyecto AKRIBEA: biomarcadores predictivos para un diagn\u00f3stico y pron\u00f3stico precisos en el \u00e1mbito de la medicina de precisi\u00f3n. En su conferencia, resalt\u00f3 las limitaciones de la medicina convencional en el diagn\u00f3stico de enfermedades y el enorme potencial que tiene la medicina de precisi\u00f3n para transformar la asistencia sanitaria. \u00d3scar Millet es el coordinador de la l\u00ednea de actuaci\u00f3n 2 del Plan Complementario de Biotecnolog\u00eda Aplicada a la Salud.<br><br><strong>Proyecto AKRIBEA<\/strong><br><strong><br><\/strong>El proyecto AKRIBEA, parte de la prestigiosa Iniciativa de Medicina de Precisi\u00f3n del Pa\u00eds Vasco y del Plan Complementario de Biotecnolog\u00eda Aplicada a la Salud, sirvi\u00f3 como un ejemplo convincente de integraci\u00f3n de la metabol\u00f3mica basada en resonancia magn\u00e9tica nuclear (RMN) en las estrategias de medicina de precisi\u00f3n.<br><br>AKRIBEA tiene como principal objetivo identificar y validar biomarcadores predictivos para un diagn\u00f3stico y pron\u00f3stico precisos en el \u00e1mbito de la medicina de precisi\u00f3n. Al centrarse en la transferencia de conocimiento asociada con el concepto de medicina de precisi\u00f3n, el proyecto aborda la creciente demanda de estrategias personalizadas en el diagn\u00f3stico, tratamiento y predicci\u00f3n de enfermedades.<br><br>La identificaci\u00f3n de estas mol\u00e9culas, junto con una s\u00f3lida investigaci\u00f3n b\u00e1sica, es fundamental para comprender los mecanismos de acci\u00f3n y obtener el conocimiento necesario para modificar las terapias existentes o dise\u00f1ar nuevas, lo que en \u00faltima instancia aumenta la eficacia terap\u00e9utica frente a patolog\u00edas espec\u00edficas. Adem\u00e1s, la integraci\u00f3n del conocimiento molecular y la comprensi\u00f3n de los mecanismos de acci\u00f3n contribuir\u00e1 a un mejor diagn\u00f3stico y clasificaci\u00f3n de pacientes, as\u00ed como a intervenciones terap\u00e9uticas m\u00e1s eficientes, generando un impacto socioecon\u00f3mico significativo.<\/p>\n\n\n\n<div class=\"wp-block-media-text alignwide is-stacked-on-mobile\" style=\"grid-template-columns:48% auto\"><figure class=\"wp-block-media-text__media\"><img decoding=\"async\" width=\"599\" height=\"403\" src=\"https:\/\/planescomplementariossalud.es\/wp-content\/uploads\/2023\/07\/MicrosoftTeams-image_600x400.jpg\" alt=\"\" class=\"wp-image-4722 size-full\" srcset=\"https:\/\/planescomplementariossalud.es\/wp-content\/uploads\/2023\/07\/MicrosoftTeams-image_600x400.jpg 599w, https:\/\/planescomplementariossalud.es\/wp-content\/uploads\/2023\/07\/MicrosoftTeams-image_600x400-300x202.jpg 300w\" sizes=\"(max-width: 599px) 100vw, 599px\" \/><\/figure><div class=\"wp-block-media-text__content\">\n<p><br><strong>Curso de verano sobre Ciencia y Tecnolog\u00eda km 0<\/strong><br><strong><br><\/strong>El curso de verano reuni\u00f3 a destacados expertos de los \u00e1mbitos de industria, energ\u00eda, salud y alimentaci\u00f3n para discutir el concepto de autonom\u00eda estrat\u00e9gica abierta y su relevancia en el contexto actual de crisis sanitarias y geopol\u00edticas. El evento tambi\u00e9n destac\u00f3 el papel crucial que desempe\u00f1a el sistema de innovaci\u00f3n de Euskadi y la alianza BRTA en la b\u00fasqueda de soluciones y la protecci\u00f3n de la econom\u00eda y el bienestar de la regi\u00f3n.<\/p>\n\n\n\n<p><\/p>\n\n\n\n<div style=\"height:84px\" aria-hidden=\"true\" class=\"wp-block-spacer\"><\/div>\n<\/div><\/div>\n\n\n\n<p>El curso abord\u00f3 temas clave relacionados con la autonom\u00eda estrat\u00e9gica, haciendo hincapi\u00e9 en la importancia de la toma de decisiones y la acci\u00f3n independiente, al tiempo que fomentaba una postura abierta y cooperativa con otros actores internacionales. Se resalt\u00f3 la necesidad de desarrollar un sistema de salud eficiente y reducir la dependencia en tecnolog\u00edas y capacidades externas. Para lograrlo, se enfatiz\u00f3 la importancia de establecer programas de salud personalizada y promover la colaboraci\u00f3n entre diferentes agentes, especialmente en proyectos colaborativos con una visi\u00f3n amplia.<br><br>Euskadi se caracteriza por su capacidad innovadora, con fortalezas cient\u00edfico-tecnol\u00f3gicas y conocimiento industrial. En este sentido, se subray\u00f3 la necesidad de apoyar el desarrollo de la industria de la salud aprovechando las capacidades manufactureras de la regi\u00f3n.<br><br>Tanto los representantes de la parte industrial como los cient\u00edfico-tecnol\u00f3gicos coincidieron en la importancia del sistema de innovaci\u00f3n &#8220;km 0&#8221; de Euskadi y el papel fundamental de la alianza BRTA. Se destac\u00f3 que aproximadamente el 30% de la tecnolog\u00eda necesaria para 2030 a\u00fan no se ha desarrollado, lo que enfatiza la necesidad de potenciar la investigaci\u00f3n y el desarrollo en la regi\u00f3n.<br><br>El curso de verano de BRTA y UPV\/EHU sobre Ciencia y Tecnolog\u00eda km 0 ha proporcionado un espacio de reflexi\u00f3n y colaboraci\u00f3n para avanzar en la autonom\u00eda estrat\u00e9gica de Euskadi, promoviendo la innovaci\u00f3n, el conocimiento y la cooperaci\u00f3n en beneficio de la regi\u00f3n.<\/p>\n\n\n\n<p><br><em><a href=\"https:\/\/www.cicbiogune.es\/\"><strong>Sobre CIC bioGUNE<\/strong><\/a><strong><br><\/strong>El Centro de Investigaci\u00f3n Cooperativa en Biociencias (CIC bioGUNE), miembro del Basque Research &amp; Technology Alliance (BRTA), con sede en el Parque Cient\u00edfico Tecnol\u00f3gico de Bizkaia, es una organizaci\u00f3n de investigaci\u00f3n biom\u00e9dica que desarrolla investigaci\u00f3n de vanguardia en la interfaz entre la biolog\u00eda estructural, molecular y celular, con especial atenci\u00f3n en el estudio de las bases moleculares de la enfermedad, para ser utilizada en el desarrollo de nuevos m\u00e9todos de diagn\u00f3stico y terapias avanzadas.<br><br><a href=\"https:\/\/www.brta.eus\/es\/inicio\"><strong>Sobre BRTA<\/strong><\/a><strong><br><\/strong>BRTA es una alianza formada por 4 centros de investigaci\u00f3n colaborativa (CIC bioGUNE, CIC nanoGUNE, CIC biomaGUNE y CIC energiGUNE) y 12 centros tecnol\u00f3gicos (Azterlan, Azti, Ceit, Cidetec, Gaiker, Ideko, Ikerlan, Lortek, Neiker, Tecnalia, Tekniker y Vicomtech) que tienen el objetivo de desarrollar soluciones tecnol\u00f3gicas avanzadas para el tejido empresarial vasco.<br><br>Con el apoyo del Gobierno Vasco, el Grupo SPRI y las Diputaciones forales de los tres territorios, la alianza busca impulsar la colaboraci\u00f3n entre los centros que la integran, reforzar las condiciones para generar y transmitir conocimiento a las empresas con la intenci\u00f3n de contribuir a su competitividad y proyectar la capacidad cient\u00edfico-tecnol\u00f3gica vasca en el exterior.<br><br>BRTA cuenta con una plantilla de 3.500 profesionales, ejecuta el 22% de la inversi\u00f3n en I+D de Euskadi, registra una facturaci\u00f3n anual superior a los 300 millones de euros y genera 100 patentes europeas e internacionales al a\u00f1o.<\/em><\/p>\n","protected":false},"excerpt":{"rendered":"<p>Los pasados d\u00edas 3 y 4 de julio de 2023, \u00d3scar Millet, coordinador de la l\u00ednea de actuaci\u00f3n 2 del Plan Complementario de Biotecnolog\u00eda Aplicada a la Salud e investigador principal, del \u201cLaboratorio de Medicina de Precisi\u00f3n y Metabolismo\u201d de CIC bioGUNE, particip\u00f3 del curso de verano sobre Ciencia y Tecnolog\u00eda km 0 presentando el &hellip;<\/p>\n<p class=\"read-more\"> <a class=\"\" href=\"https:\/\/planescomplementariossalud.es\/gl\/oscar-millet-curso-verano-akribea\/\"> <span class=\"screen-reader-text\">\u00d3scar Millet participa en un curso de verano sobre Ciencia y Tecnolog\u00eda km 0 en el Pa\u00eds Vasco y presenta el proyecto AKRIBEA<\/span> Ler m\u00e1is &raquo;<\/a><\/p>\n","protected":false},"author":3,"featured_media":4720,"comment_status":"closed","ping_status":"closed","sticky":false,"template":"","format":"standard","meta":{"site-sidebar-layout":"default","site-content-layout":"","ast-site-content-layout":"","site-content-style":"default","site-sidebar-style":"default","ast-global-header-display":"","ast-banner-title-visibility":"","ast-main-header-display":"","ast-hfb-above-header-display":"","ast-hfb-below-header-display":"","ast-hfb-mobile-header-display":"","site-post-title":"","ast-breadcrumbs-content":"","ast-featured-img":"","footer-sml-layout":"","theme-transparent-header-meta":"","adv-header-id-meta":"","stick-header-meta":"","header-above-stick-meta":"","header-main-stick-meta":"","header-below-stick-meta":"","astra-migrate-meta-layouts":"","ast-page-background-enabled":"default","ast-page-background-meta":{"desktop":{"background-color":"var(--ast-global-color-4)","background-image":"","background-repeat":"repeat","background-position":"center center","background-size":"auto","background-attachment":"scroll","background-type":"","background-media":"","overlay-type":"","overlay-color":"","overlay-gradient":""},"tablet":{"background-color":"","background-image":"","background-repeat":"repeat","background-position":"center center","background-size":"auto","background-attachment":"scroll","background-type":"","background-media":"","overlay-type":"","overlay-color":"","overlay-gradient":""},"mobile":{"background-color":"","background-image":"","background-repeat":"repeat","background-position":"center center","background-size":"auto","background-attachment":"scroll","background-type":"","background-media":"","overlay-type":"","overlay-color":"","overlay-gradient":""}},"ast-content-background-meta":{"desktop":{"background-color":"var(--ast-global-color-5)","background-image":"","background-repeat":"repeat","background-position":"center center","background-size":"auto","background-attachment":"scroll","background-type":"","background-media":"","overlay-type":"","overlay-color":"","overlay-gradient":""},"tablet":{"background-color":"var(--ast-global-color-5)","background-image":"","background-repeat":"repeat","background-position":"center center","background-size":"auto","background-attachment":"scroll","background-type":"","background-media":"","overlay-type":"","overlay-color":"","overlay-gradient":""},"mobile":{"background-color":"var(--ast-global-color-5)","background-image":"","background-repeat":"repeat","background-position":"center center","background-size":"auto","background-attachment":"scroll","background-type":"","background-media":"","overlay-type":"","overlay-color":"","overlay-gradient":""}},"footnotes":""},"categories":[78],"tags":[165,203,166],"class_list":["post-4733","post","type-post","status-publish","format-standard","has-post-thumbnail","hentry","category-actualidad-gl","tag-analisis-de-datos-gl","tag-medicina-de-precision-gl-2","tag-pais-vasco-gl"],"_links":{"self":[{"href":"https:\/\/planescomplementariossalud.es\/gl\/wp-json\/wp\/v2\/posts\/4733","targetHints":{"allow":["GET"]}}],"collection":[{"href":"https:\/\/planescomplementariossalud.es\/gl\/wp-json\/wp\/v2\/posts"}],"about":[{"href":"https:\/\/planescomplementariossalud.es\/gl\/wp-json\/wp\/v2\/types\/post"}],"author":[{"embeddable":true,"href":"https:\/\/planescomplementariossalud.es\/gl\/wp-json\/wp\/v2\/users\/3"}],"replies":[{"embeddable":true,"href":"https:\/\/planescomplementariossalud.es\/gl\/wp-json\/wp\/v2\/comments?post=4733"}],"version-history":[{"count":3,"href":"https:\/\/planescomplementariossalud.es\/gl\/wp-json\/wp\/v2\/posts\/4733\/revisions"}],"predecessor-version":[{"id":4746,"href":"https:\/\/planescomplementariossalud.es\/gl\/wp-json\/wp\/v2\/posts\/4733\/revisions\/4746"}],"wp:featuredmedia":[{"embeddable":true,"href":"https:\/\/planescomplementariossalud.es\/gl\/wp-json\/wp\/v2\/media\/4720"}],"wp:attachment":[{"href":"https:\/\/planescomplementariossalud.es\/gl\/wp-json\/wp\/v2\/media?parent=4733"}],"wp:term":[{"taxonomy":"category","embeddable":true,"href":"https:\/\/planescomplementariossalud.es\/gl\/wp-json\/wp\/v2\/categories?post=4733"},{"taxonomy":"post_tag","embeddable":true,"href":"https:\/\/planescomplementariossalud.es\/gl\/wp-json\/wp\/v2\/tags?post=4733"}],"curies":[{"name":"wp","href":"https:\/\/api.w.org\/{rel}","templated":true}]}}