{"id":21752,"date":"2025-08-07T07:19:02","date_gmt":"2025-08-07T07:19:02","guid":{"rendered":"https:\/\/planescomplementariossalud.es\/?p=21752"},"modified":"2025-08-07T07:19:31","modified_gmt":"2025-08-07T07:19:31","slug":"aragon-impulsa-la-innovacion-biomedica-en-dos-eventos-cientificos-de-referencia-nacional","status":"publish","type":"post","link":"https:\/\/planescomplementariossalud.es\/gl\/aragon-impulsa-la-innovacion-biomedica-en-dos-eventos-cientificos-de-referencia-nacional\/","title":{"rendered":"Arag\u00f3n impulsa la innovaci\u00f3n biom\u00e9dica en dos eventos cient\u00edficos de referencia nacional"},"content":{"rendered":"\n<p><em><strong><em><em>La comunidad cient\u00edfica de Arag\u00f3n ha tenido una presencia destacada en dos eventos clave: <\/em><\/em><\/strong><\/em><strong>Encuentro IIS Arag\u00f3n: Mejorando la Salud a trav\u00e9s de la Ciencia y la Innovaci\u00f3n desde Arag\u00f3n y en las <em>XXIII Jornadas de Trabajo sobre Calidad en Salud<\/em><\/strong><\/p>\n\n\n\n<div class=\"wp-block-columns is-layout-flex wp-container-core-columns-is-layout-28f84493 wp-block-columns-is-layout-flex\">\n<div class=\"wp-block-column is-layout-flow wp-block-column-is-layout-flow\">\n<figure class=\"wp-block-image aligncenter size-full is-resized\"><img fetchpriority=\"high\" decoding=\"async\" width=\"559\" height=\"420\" src=\"https:\/\/planescomplementariossalud.es\/wp-content\/uploads\/2025\/08\/Imatge2.png\" alt=\"\" class=\"wp-image-21738\" style=\"width:465px;height:auto\" srcset=\"https:\/\/planescomplementariossalud.es\/wp-content\/uploads\/2025\/08\/Imatge2.png 559w, https:\/\/planescomplementariossalud.es\/wp-content\/uploads\/2025\/08\/Imatge2-300x225.png 300w\" sizes=\"(max-width: 559px) 100vw, 559px\" \/><figcaption class=\"wp-element-caption\">La mesa \u201cDel silencio del dato a la investigaci\u00f3n en Salud\u201d dentro de las XXIII JORNADAS DE TRABAJO SOBRE CALIDAD EN SALUD<\/figcaption><\/figure>\n<\/div>\n<\/div>\n\n\n\n<p>La comunidad cient\u00edfica de Arag\u00f3n ha tenido una presencia destacada en dos encuentros clave celebrados recientemente, consolidando su compromiso con la innovaci\u00f3n en salud, la investigaci\u00f3n biom\u00e9dica y la puesta en valor de los datos sanitarios.<\/p>\n\n\n\n<p>Por un lado, el pasado 19 de junio, Delia Recalde Fris\u00f3n, coordinadora t\u00e9cnica del Biobanco del Sistema de Salud de Arag\u00f3n (BSSA) e integrante del Plan Complementario de Biotecnolog\u00eda Aplicada a la Salud en Arag\u00f3n, particip\u00f3 en el <em>Encuentro IIS Arag\u00f3n: Mejorando la Salud a trav\u00e9s de la Ciencia y la Innovaci\u00f3n desde Arag\u00f3n<\/em>. Este evento, organizado junto al Comisionado PERTE Salud de Vanguardia, abord\u00f3 temas clave como la medicina de precisi\u00f3n, terapias avanzadas y el impulso a la investigaci\u00f3n cl\u00ednica en el Sistema Nacional de Salud, destacando tambi\u00e9n el impacto de los fondos europeos MRR.<\/p>\n\n\n\n<div class=\"wp-block-columns is-layout-flex wp-container-core-columns-is-layout-28f84493 wp-block-columns-is-layout-flex\">\n<div class=\"wp-block-column is-layout-flow wp-block-column-is-layout-flow\">\n<figure class=\"wp-block-image aligncenter size-full\"><img decoding=\"async\" width=\"358\" height=\"410\" src=\"https:\/\/planescomplementariossalud.es\/wp-content\/uploads\/2025\/08\/Imatge3.png\" alt=\"\" class=\"wp-image-21743\" srcset=\"https:\/\/planescomplementariossalud.es\/wp-content\/uploads\/2025\/08\/Imatge3.png 358w, https:\/\/planescomplementariossalud.es\/wp-content\/uploads\/2025\/08\/Imatge3-262x300.png 262w\" sizes=\"(max-width: 358px) 100vw, 358px\" \/><figcaption class=\"wp-element-caption\">Delia Recalde Fris\u00f3n durante su intervenci\u00f3n<\/figcaption><\/figure>\n<\/div>\n<\/div>\n\n\n\n<p>Recalde intervino en una mesa redonda centrada en las plataformas de apoyo a la I+D, donde comparti\u00f3 la experiencia del BSSA en el marco de la Plataforma ITEMAS de Biobancos y Biomodelos. Su exposici\u00f3n puso en valor el papel esencial del biobanco como infraestructura que facilita proyectos de investigaci\u00f3n de vanguardia, reafirmando su compromiso con la divulgaci\u00f3n cient\u00edfica, el trabajo en red y la excelencia investigadora.<\/p>\n\n\n\n<p>Por otro lado, dentro de las <em>XXIII Jornadas de Trabajo sobre Calidad en Salud<\/em>, celebradas los d\u00edas 24 y 25 de junio en Zaragoza, Juan Gonz\u00e1lez-Garc\u00eda, responsable de Biocomputaci\u00f3n y estrategia de puesta en valor del dato sanitario en el Instituto Aragon\u00e9s de Ciencias de la Salud e investigador del mismo Plan Complementario, particip\u00f3 en la mesa redonda \u201cDel silencio del dato a la investigaci\u00f3n en Salud\u201d.<\/p>\n\n\n\n<p>En este espacio se debati\u00f3 el potencial del dato sanitario como motor de transformaci\u00f3n del sistema de salud. Gonz\u00e1lez-Garc\u00eda destac\u00f3 la importancia de contar con datos sanitarios FAIR \u2014localizables, accesibles, interoperables y reutilizables\u2014 que permitan obtener resultados fiables y \u00fatiles para proyectos de gesti\u00f3n, calidad e investigaci\u00f3n. En la misma l\u00ednea, se subray\u00f3 la necesidad de registrar datos de calidad desde la atenci\u00f3n primaria, tal como se\u00f1alaron otros participantes como Rosa Magall\u00f3n (GAIAP) o el director cient\u00edfico del IIS Arag\u00f3n, \u00c1ngel Lanas, quien advirti\u00f3 sobre el reto que supone trabajar con grandes vol\u00famenes de datos a\u00fan poco explotados.<\/p>\n\n\n\n<p>Ambas participaciones reflejan el firme compromiso de Arag\u00f3n con la investigaci\u00f3n biom\u00e9dica de excelencia, tanto desde la perspectiva de las infraestructuras cient\u00edficas como desde la gesti\u00f3n y valorizaci\u00f3n del dato sanitario, pilares fundamentales para avanzar hacia una medicina m\u00e1s innovadora, \u00e9tica y personalizada.<\/p>\n","protected":false},"excerpt":{"rendered":"<p>La comunidad cient\u00edfica de Arag\u00f3n ha tenido una presencia destacada en dos eventos clave: Encuentro IIS Arag\u00f3n: Mejorando la Salud a trav\u00e9s de la Ciencia y la Innovaci\u00f3n desde Arag\u00f3n y en las XXIII Jornadas de Trabajo sobre Calidad en Salud La comunidad cient\u00edfica de Arag\u00f3n ha tenido una presencia destacada en dos encuentros clave &hellip;<\/p>\n<p class=\"read-more\"> <a class=\"\" href=\"https:\/\/planescomplementariossalud.es\/gl\/aragon-impulsa-la-innovacion-biomedica-en-dos-eventos-cientificos-de-referencia-nacional\/\"> <span class=\"screen-reader-text\">Arag\u00f3n impulsa la innovaci\u00f3n biom\u00e9dica en dos eventos cient\u00edficos de referencia nacional<\/span> Ler m\u00e1is &raquo;<\/a><\/p>\n","protected":false},"author":15,"featured_media":21742,"comment_status":"closed","ping_status":"closed","sticky":false,"template":"","format":"standard","meta":{"site-sidebar-layout":"default","site-content-layout":"","ast-site-content-layout":"default","site-content-style":"default","site-sidebar-style":"default","ast-global-header-display":"","ast-banner-title-visibility":"","ast-main-header-display":"","ast-hfb-above-header-display":"","ast-hfb-below-header-display":"","ast-hfb-mobile-header-display":"","site-post-title":"","ast-breadcrumbs-content":"","ast-featured-img":"","footer-sml-layout":"","theme-transparent-header-meta":"","adv-header-id-meta":"","stick-header-meta":"","header-above-stick-meta":"","header-main-stick-meta":"","header-below-stick-meta":"","astra-migrate-meta-layouts":"","ast-page-background-enabled":"default","ast-page-background-meta":{"desktop":{"background-color":"var(--ast-global-color-4)","background-image":"","background-repeat":"repeat","background-position":"center center","background-size":"auto","background-attachment":"scroll","background-type":"","background-media":"","overlay-type":"","overlay-color":"","overlay-gradient":""},"tablet":{"background-color":"","background-image":"","background-repeat":"repeat","background-position":"center center","background-size":"auto","background-attachment":"scroll","background-type":"","background-media":"","overlay-type":"","overlay-color":"","overlay-gradient":""},"mobile":{"background-color":"","background-image":"","background-repeat":"repeat","background-position":"center center","background-size":"auto","background-attachment":"scroll","background-type":"","background-media":"","overlay-type":"","overlay-color":"","overlay-gradient":""}},"ast-content-background-meta":{"desktop":{"background-color":"var(--ast-global-color-5)","background-image":"","background-repeat":"repeat","background-position":"center center","background-size":"auto","background-attachment":"scroll","background-type":"","background-media":"","overlay-type":"","overlay-color":"","overlay-gradient":""},"tablet":{"background-color":"var(--ast-global-color-5)","background-image":"","background-repeat":"repeat","background-position":"center center","background-size":"auto","background-attachment":"scroll","background-type":"","background-media":"","overlay-type":"","overlay-color":"","overlay-gradient":""},"mobile":{"background-color":"var(--ast-global-color-5)","background-image":"","background-repeat":"repeat","background-position":"center center","background-size":"auto","background-attachment":"scroll","background-type":"","background-media":"","overlay-type":"","overlay-color":"","overlay-gradient":""}},"footnotes":""},"categories":[78],"tags":[122,110],"class_list":["post-21752","post","type-post","status-publish","format-standard","has-post-thumbnail","hentry","category-actualidad-gl","tag-aragon-gl","tag-evento-gl"],"_links":{"self":[{"href":"https:\/\/planescomplementariossalud.es\/gl\/wp-json\/wp\/v2\/posts\/21752","targetHints":{"allow":["GET"]}}],"collection":[{"href":"https:\/\/planescomplementariossalud.es\/gl\/wp-json\/wp\/v2\/posts"}],"about":[{"href":"https:\/\/planescomplementariossalud.es\/gl\/wp-json\/wp\/v2\/types\/post"}],"author":[{"embeddable":true,"href":"https:\/\/planescomplementariossalud.es\/gl\/wp-json\/wp\/v2\/users\/15"}],"replies":[{"embeddable":true,"href":"https:\/\/planescomplementariossalud.es\/gl\/wp-json\/wp\/v2\/comments?post=21752"}],"version-history":[{"count":2,"href":"https:\/\/planescomplementariossalud.es\/gl\/wp-json\/wp\/v2\/posts\/21752\/revisions"}],"predecessor-version":[{"id":21865,"href":"https:\/\/planescomplementariossalud.es\/gl\/wp-json\/wp\/v2\/posts\/21752\/revisions\/21865"}],"wp:featuredmedia":[{"embeddable":true,"href":"https:\/\/planescomplementariossalud.es\/gl\/wp-json\/wp\/v2\/media\/21742"}],"wp:attachment":[{"href":"https:\/\/planescomplementariossalud.es\/gl\/wp-json\/wp\/v2\/media?parent=21752"}],"wp:term":[{"taxonomy":"category","embeddable":true,"href":"https:\/\/planescomplementariossalud.es\/gl\/wp-json\/wp\/v2\/categories?post=21752"},{"taxonomy":"post_tag","embeddable":true,"href":"https:\/\/planescomplementariossalud.es\/gl\/wp-json\/wp\/v2\/tags?post=21752"}],"curies":[{"name":"wp","href":"https:\/\/api.w.org\/{rel}","templated":true}]}}