{"id":17024,"date":"2024-09-30T09:36:40","date_gmt":"2024-09-30T09:36:40","guid":{"rendered":"https:\/\/planescomplementariossalud.es\/?p=17024"},"modified":"2024-10-10T06:36:10","modified_gmt":"2024-10-10T06:36:10","slug":"el-plan-complementario-en-seiq","status":"publish","type":"post","link":"https:\/\/planescomplementariossalud.es\/gl\/el-plan-complementario-en-seiq\/","title":{"rendered":"Investigadores de las seis l\u00edneas de actuaci\u00f3n del Plan Complementario presentan sus avances en SEIQ"},"content":{"rendered":"\n<p><strong><em>El XXVIII Congreso de la Sociedad Espa\u00f1ola de Investigaciones Quir\u00fargicas (SEIQ), que se celebr\u00f3 el 27 de septiembre en C\u00e1ceres, acogi\u00f3 un espacio dedicado a la presentaci\u00f3n del Plan Complementario de Biotecnolog\u00eda Aplicada a la Salud, reuniendo a expertos en cirug\u00eda cardiovascular, bioimpresi\u00f3n e inteligencia artificial (IA).<\/em><\/strong><\/p>\n\n\n\n<div class=\"wp-block-columns is-layout-flex wp-container-core-columns-is-layout-28f84493 wp-block-columns-is-layout-flex\">\n<div class=\"wp-block-column is-layout-flow wp-block-column-is-layout-flow\">\n<div class=\"wp-block-columns is-layout-flex wp-container-core-columns-is-layout-28f84493 wp-block-columns-is-layout-flex\">\n<div class=\"wp-block-column is-layout-flow wp-block-column-is-layout-flow\">\n<figure class=\"wp-block-image size-large is-resized\"><img fetchpriority=\"high\" decoding=\"async\" width=\"576\" height=\"1024\" src=\"https:\/\/planescomplementariossalud.es\/wp-content\/uploads\/2024\/09\/IMG_20240927_093157-576x1024.jpg\" alt=\"\" class=\"wp-image-17006\" style=\"width:247px;height:auto\" srcset=\"https:\/\/planescomplementariossalud.es\/wp-content\/uploads\/2024\/09\/IMG_20240927_093157-576x1024.jpg 576w, https:\/\/planescomplementariossalud.es\/wp-content\/uploads\/2024\/09\/IMG_20240927_093157-169x300.jpg 169w, https:\/\/planescomplementariossalud.es\/wp-content\/uploads\/2024\/09\/IMG_20240927_093157-768x1365.jpg 768w, https:\/\/planescomplementariossalud.es\/wp-content\/uploads\/2024\/09\/IMG_20240927_093157-864x1536.jpg 864w, https:\/\/planescomplementariossalud.es\/wp-content\/uploads\/2024\/09\/IMG_20240927_093157-1152x2048.jpg 1152w, https:\/\/planescomplementariossalud.es\/wp-content\/uploads\/2024\/09\/IMG_20240927_093157-scaled.jpg 1440w\" sizes=\"(max-width: 576px) 100vw, 576px\" \/><\/figure>\n<\/div>\n\n\n\n<div class=\"wp-block-column is-layout-flow wp-block-column-is-layout-flow\">\n<figure class=\"wp-block-image size-large is-resized\"><img decoding=\"async\" width=\"576\" height=\"1024\" src=\"https:\/\/planescomplementariossalud.es\/wp-content\/uploads\/2024\/09\/IMG_20240927_102224-576x1024.jpg\" alt=\"\" class=\"wp-image-17011\" style=\"width:247px;height:auto\" srcset=\"https:\/\/planescomplementariossalud.es\/wp-content\/uploads\/2024\/09\/IMG_20240927_102224-576x1024.jpg 576w, https:\/\/planescomplementariossalud.es\/wp-content\/uploads\/2024\/09\/IMG_20240927_102224-169x300.jpg 169w, https:\/\/planescomplementariossalud.es\/wp-content\/uploads\/2024\/09\/IMG_20240927_102224-768x1365.jpg 768w, https:\/\/planescomplementariossalud.es\/wp-content\/uploads\/2024\/09\/IMG_20240927_102224-864x1536.jpg 864w, https:\/\/planescomplementariossalud.es\/wp-content\/uploads\/2024\/09\/IMG_20240927_102224-1152x2048.jpg 1152w, https:\/\/planescomplementariossalud.es\/wp-content\/uploads\/2024\/09\/IMG_20240927_102224-scaled.jpg 1440w\" sizes=\"(max-width: 576px) 100vw, 576px\" \/><\/figure>\n<\/div>\n\n\n\n<div class=\"wp-block-column is-layout-flow wp-block-column-is-layout-flow\">\n<figure class=\"wp-block-image size-large is-resized\"><img decoding=\"async\" width=\"576\" height=\"1024\" src=\"https:\/\/planescomplementariossalud.es\/wp-content\/uploads\/2024\/09\/IMG_20240927_095759-576x1024.jpg\" alt=\"\" class=\"wp-image-17016\" style=\"width:246px;height:auto\" srcset=\"https:\/\/planescomplementariossalud.es\/wp-content\/uploads\/2024\/09\/IMG_20240927_095759-576x1024.jpg 576w, https:\/\/planescomplementariossalud.es\/wp-content\/uploads\/2024\/09\/IMG_20240927_095759-169x300.jpg 169w, https:\/\/planescomplementariossalud.es\/wp-content\/uploads\/2024\/09\/IMG_20240927_095759-768x1365.jpg 768w, https:\/\/planescomplementariossalud.es\/wp-content\/uploads\/2024\/09\/IMG_20240927_095759-864x1536.jpg 864w, https:\/\/planescomplementariossalud.es\/wp-content\/uploads\/2024\/09\/IMG_20240927_095759-1152x2048.jpg 1152w, https:\/\/planescomplementariossalud.es\/wp-content\/uploads\/2024\/09\/IMG_20240927_095759-scaled.jpg 1440w\" sizes=\"(max-width: 576px) 100vw, 576px\" \/><\/figure>\n<\/div>\n<\/div>\n<\/div>\n<\/div>\n\n\n\n<p><br>La vig\u00e9simo octava edici\u00f3n del <a href=\"https:\/\/congresoseiq.com\/\" data-type=\"link\" data-id=\"https:\/\/congresoseiq.com\/\" target=\"_blank\" rel=\"noreferrer noopener\">Congreso de la SEIQ <\/a>se organiz\u00f3 como evento sat\u00e9lite del <a href=\"https:\/\/www.smit2024.com\/\" data-type=\"link\" data-id=\"https:\/\/www.smit2024.com\/\" target=\"_blank\" rel=\"noreferrer noopener\">Congreso de la International Society for Medical Innovation and Technology (iSMIT)<\/a>, con el prop\u00f3sito de congregar a profesionales sanitarios e investigadores de diversos campos interesados en impulsar la investigaci\u00f3n quir\u00fargica. Adem\u00e1s de proporcionar una plataforma para la exposici\u00f3n de novedosas t\u00e9cnicas quir\u00fargicas, el evento facilit\u00f3 el intercambio de conocimientos sobre los resultados cl\u00ednicos m\u00e1s recientes en su aplicaci\u00f3n.<\/p>\n\n\n\n<p>Uno de los objetivos clave de este congreso fue fomentar la integraci\u00f3n de cirujanos en formaci\u00f3n y aquellos en las primeras etapas de su especializaci\u00f3n, para que se convirtieran en futuros l\u00edderes tanto a nivel nacional como internacional en investigaci\u00f3n, desarrollo e innovaci\u00f3n (I+D+i) en el \u00e1mbito quir\u00fargico. Asimismo, el congreso contribuy\u00f3 a la transformaci\u00f3n digital de la cirug\u00eda, promoviendo proyectos que abarcan desde la asistencia cl\u00ednica hasta la docencia, la investigaci\u00f3n y la innovaci\u00f3n.<\/p>\n\n\n\n<p>Durante el evento, se present\u00f3 el Plan Complementario de Biotecnolog\u00eda Aplicada a la Salud, con un enfoque en los avances de las l\u00edneas de actuaci\u00f3n, cada una de ellas presentada por un destacado investigador representante de su regi\u00f3n y especialidad. En primer lugar, el Dr. Iban Ubarretxena, Coordinador T\u00e9cnico de la Plataforma BREM en <a href=\"https:\/\/www.biofisika.org\/es\" target=\"_blank\" rel=\"noreferrer noopener\">el Instituto Biofisika (Pa\u00eds Vasco)<\/a>, introdujo la <strong>Plataforma BREM de Criomicroscop\u00eda Electr\u00f3nica Aplicada a la Medicina Personalizada<\/strong>, explicando c\u00f3mo esta t\u00e9cnica avanzada est\u00e1 revolucionando el estudio de mol\u00e9culas biol\u00f3gicas y su aplicaci\u00f3n en la medicina personalizada. A continuaci\u00f3n, abord\u00f3 <strong>la l\u00ednea de actuaci\u00f3n 2, centrada en la implementaci\u00f3n y an\u00e1lisis de bases de datos en medicina de precisi\u00f3n<\/strong>. En efecto, esta l\u00ednea estrat\u00e9gica trata sobre la creaci\u00f3n y gesti\u00f3n de bases de datos a gran escala para mejorar la precisi\u00f3n en los tratamientos m\u00e9dicos, facilitando un enfoque m\u00e1s individualizado en la atenci\u00f3n sanitaria.<\/p>\n\n\n\n<p>Seguidamente, la Dra. In\u00e9s Ardao, de la<a href=\"http:\/\/kaertorfoundation.org\/\" data-type=\"link\" data-id=\"http:\/\/kaertorfoundation.org\/\" target=\"_blank\" rel=\"noreferrer noopener\"> Fundaci\u00f3n Kaertor (Galicia)<\/a>, explic\u00f3 los progresos realizados en la <strong>Plataforma de Cribado de F\u00e1rmacos y An\u00e1lisis de Interacciones F\u00e1rmaco-Diana<\/strong>, destacando la importancia de analizar las interacciones entre f\u00e1rmacos y sus dianas terap\u00e9uticas, lo que permitir\u00e1 un dise\u00f1o de tratamientos m\u00e1s efectivos y personalizados.<\/p>\n\n\n\n<p>La Dra. Anna Santamaria, del <a href=\"https:\/\/vhir.vallhebron.com\/es\" data-type=\"link\" data-id=\"https:\/\/vhir.vallhebron.com\/es\" target=\"_blank\" rel=\"noreferrer noopener\">Vall d&#8217;Hebron Institut de Recerca (VHIR) en Catalu\u00f1a<\/a>, present\u00f3 los avances en el <strong>Desarrollo de Modelos Biol\u00f3gicos para el Cribado y Estudio de la Actividad de Mol\u00e9culas Terap\u00e9uticas<\/strong>, una l\u00ednea (LA4) centrada en investigar nuevos modelos biol\u00f3gicos que permitan evaluar de forma m\u00e1s eficiente la efectividad de nuevas mol\u00e9culas terap\u00e9uticas.<\/p>\n\n\n\n<p>Dr. Valent\u00edn Ce\u00f1a Callejo, de la <a href=\"https:\/\/www.uclm.es\/\" data-type=\"link\" data-id=\"https:\/\/www.uclm.es\/\" target=\"_blank\" rel=\"noreferrer noopener\">Universidad de Castilla-La Mancha<\/a>, se encarg\u00f3 de exponer la l\u00ednea de actuaci\u00f3n LA5, centrada en el d<strong>esarrollo de Nanof\u00e1rmacos, Biodistribuci\u00f3n, Toxicidad y Acciones Terap\u00e9uticas en Modelos de Patolog\u00eda<\/strong>. Ce\u00f1a explic\u00f3 c\u00f3mo la investigaci\u00f3n en este \u00e1mbito puede ayudar frente a patolog\u00edas para las que todav\u00eda no hay tratamientos eficaces y modelos biol\u00f3gicos que replican \u00f3rganos o tejidos de pacientes para facilitar su estudio.<\/p>\n\n\n\n<p>Finalmente, el Dr. Juan A. S\u00e1nchez Margallo, del <a href=\"https:\/\/www.ccmijesususon.com\/\" data-type=\"link\" data-id=\"https:\/\/www.ccmijesususon.com\/\" target=\"_blank\" rel=\"noreferrer noopener\">Centro de Cirug\u00eda de M\u00ednima Invasi\u00f3n Jes\u00fas Us\u00f3n (CCMIJU, Extremadura),<\/a> cerr\u00f3 la presentaci\u00f3n del Plan con la <strong>L\u00ednea 6 sobre T\u00e9cnicas y Procesos para Terapias Avanzadas y Dirigidas, Formaci\u00f3n Quir\u00fargica y Rob\u00f3tica M\u00e9dica<\/strong>. S\u00e1nchez Margallo explor\u00f3 las aplicaciones de la rob\u00f3tica en cirug\u00eda y el desarrollo de t\u00e9cnicas quir\u00fargicas avanzadas, integrando formaci\u00f3n y tecnolog\u00eda de vanguardia.<\/p>\n\n\n\n<p>El Congreso cont\u00f3 con la participaci\u00f3n de 95 profesionales de la salud, entre cirujanos, investigadores y expertos en tecnolog\u00eda m\u00e9dica. Este evento no solo sirvi\u00f3 como una plataforma de intercambio acad\u00e9mico, sino que tambi\u00e9n reforz\u00f3 su posici\u00f3n como referencia en la innovaci\u00f3n quir\u00fargica tanto a nivel nacional como internacional. <\/p>\n\n\n\n<p><em>El Plan Complementario de Biotecnolog\u00eda Aplicada a la Salud, est\u00e1 integrado en el marco del PERTE para la Salud de Vanguardia y ha sido cofinanciado por el Ministerio de Ciencia, Innovaci\u00f3n y Universidades con fondos de la Uni\u00f3n Europea NextGenerationEU, el Plan de Recuperaci\u00f3n, Transformaci\u00f3n y Resiliencia (PRTR-C17.I1) y el Programa Operativo FEDER 2021-2027 en Extremadura.<\/em><\/p>\n","protected":false},"excerpt":{"rendered":"<p>El XXVIII Congreso de la Sociedad Espa\u00f1ola de Investigaciones Quir\u00fargicas (SEIQ), que se celebr\u00f3 el 27 de septiembre en C\u00e1ceres, acogi\u00f3 un espacio dedicado a la presentaci\u00f3n del Plan Complementario de Biotecnolog\u00eda Aplicada a la Salud, reuniendo a expertos en cirug\u00eda cardiovascular, bioimpresi\u00f3n e inteligencia artificial (IA). La vig\u00e9simo octava edici\u00f3n del Congreso de la &hellip;<\/p>\n<p class=\"read-more\"> <a class=\"\" href=\"https:\/\/planescomplementariossalud.es\/gl\/el-plan-complementario-en-seiq\/\"> <span class=\"screen-reader-text\">Investigadores de las seis l\u00edneas de actuaci\u00f3n del Plan Complementario presentan sus avances en SEIQ<\/span> Ler m\u00e1is &raquo;<\/a><\/p>\n","protected":false},"author":15,"featured_media":17020,"comment_status":"closed","ping_status":"closed","sticky":false,"template":"","format":"standard","meta":{"site-sidebar-layout":"default","site-content-layout":"","ast-site-content-layout":"default","site-content-style":"default","site-sidebar-style":"default","ast-global-header-display":"","ast-banner-title-visibility":"","ast-main-header-display":"","ast-hfb-above-header-display":"","ast-hfb-below-header-display":"","ast-hfb-mobile-header-display":"","site-post-title":"","ast-breadcrumbs-content":"","ast-featured-img":"","footer-sml-layout":"","theme-transparent-header-meta":"","adv-header-id-meta":"","stick-header-meta":"","header-above-stick-meta":"","header-main-stick-meta":"","header-below-stick-meta":"","astra-migrate-meta-layouts":"","ast-page-background-enabled":"default","ast-page-background-meta":{"desktop":{"background-color":"var(--ast-global-color-4)","background-image":"","background-repeat":"repeat","background-position":"center center","background-size":"auto","background-attachment":"scroll","background-type":"","background-media":"","overlay-type":"","overlay-color":"","overlay-gradient":""},"tablet":{"background-color":"","background-image":"","background-repeat":"repeat","background-position":"center center","background-size":"auto","background-attachment":"scroll","background-type":"","background-media":"","overlay-type":"","overlay-color":"","overlay-gradient":""},"mobile":{"background-color":"","background-image":"","background-repeat":"repeat","background-position":"center center","background-size":"auto","background-attachment":"scroll","background-type":"","background-media":"","overlay-type":"","overlay-color":"","overlay-gradient":""}},"ast-content-background-meta":{"desktop":{"background-color":"var(--ast-global-color-5)","background-image":"","background-repeat":"repeat","background-position":"center center","background-size":"auto","background-attachment":"scroll","background-type":"","background-media":"","overlay-type":"","overlay-color":"","overlay-gradient":""},"tablet":{"background-color":"var(--ast-global-color-5)","background-image":"","background-repeat":"repeat","background-position":"center center","background-size":"auto","background-attachment":"scroll","background-type":"","background-media":"","overlay-type":"","overlay-color":"","overlay-gradient":""},"mobile":{"background-color":"var(--ast-global-color-5)","background-image":"","background-repeat":"repeat","background-position":"center center","background-size":"auto","background-attachment":"scroll","background-type":"","background-media":"","overlay-type":"","overlay-color":"","overlay-gradient":""}},"footnotes":""},"categories":[78],"tags":[110,126],"class_list":["post-17024","post","type-post","status-publish","format-standard","has-post-thumbnail","hentry","category-actualidad-gl","tag-evento-gl","tag-extremadura-gl"],"_links":{"self":[{"href":"https:\/\/planescomplementariossalud.es\/gl\/wp-json\/wp\/v2\/posts\/17024","targetHints":{"allow":["GET"]}}],"collection":[{"href":"https:\/\/planescomplementariossalud.es\/gl\/wp-json\/wp\/v2\/posts"}],"about":[{"href":"https:\/\/planescomplementariossalud.es\/gl\/wp-json\/wp\/v2\/types\/post"}],"author":[{"embeddable":true,"href":"https:\/\/planescomplementariossalud.es\/gl\/wp-json\/wp\/v2\/users\/15"}],"replies":[{"embeddable":true,"href":"https:\/\/planescomplementariossalud.es\/gl\/wp-json\/wp\/v2\/comments?post=17024"}],"version-history":[{"count":2,"href":"https:\/\/planescomplementariossalud.es\/gl\/wp-json\/wp\/v2\/posts\/17024\/revisions"}],"predecessor-version":[{"id":17034,"href":"https:\/\/planescomplementariossalud.es\/gl\/wp-json\/wp\/v2\/posts\/17024\/revisions\/17034"}],"wp:featuredmedia":[{"embeddable":true,"href":"https:\/\/planescomplementariossalud.es\/gl\/wp-json\/wp\/v2\/media\/17020"}],"wp:attachment":[{"href":"https:\/\/planescomplementariossalud.es\/gl\/wp-json\/wp\/v2\/media?parent=17024"}],"wp:term":[{"taxonomy":"category","embeddable":true,"href":"https:\/\/planescomplementariossalud.es\/gl\/wp-json\/wp\/v2\/categories?post=17024"},{"taxonomy":"post_tag","embeddable":true,"href":"https:\/\/planescomplementariossalud.es\/gl\/wp-json\/wp\/v2\/tags?post=17024"}],"curies":[{"name":"wp","href":"https:\/\/api.w.org\/{rel}","templated":true}]}}