{"id":5383,"date":"2023-10-23T11:05:58","date_gmt":"2023-10-23T11:05:58","guid":{"rendered":"https:\/\/planescomplementariossalud.es\/?p=5383"},"modified":"2023-11-23T14:34:54","modified_gmt":"2023-11-23T14:34:54","slug":"entrevista-francisco-margallo","status":"publish","type":"post","link":"https:\/\/planescomplementariossalud.es\/eu\/entrevista-francisco-margallo\/","title":{"rendered":"Entrevista al Coordinador Cient\u00edfico de Extremadura, Dr. Francisco M. S\u00e1nchez Margallo, sobre la contribuci\u00f3n del Plan Complementario en la regi\u00f3n"},"content":{"rendered":"\n<p>En esta entrevista en formato podcast, el Dr. Margallo habla sobre las principales aportaciones Extremadura al Plan Complementario de Biotecnolog\u00eda Aplicada a la Salud. Destaca los retos globales de la investigaci\u00f3n en el tema de medicina personalizada aplicada a la cirug\u00eda, bien como los beneficios puede aportar este tipo de iniciativas al sistema nacional de salud y al sistema de investigaci\u00f3n espa\u00f1ol.<\/p>\n\n\n\n<div class=\"wp-block-columns is-layout-flex wp-container-core-columns-is-layout-28f84493 wp-block-columns-is-layout-flex\">\n<div class=\"wp-block-column is-layout-flow wp-block-column-is-layout-flow\">\n<figure class=\"wp-block-image aligncenter size-full\"><img fetchpriority=\"high\" decoding=\"async\" width=\"600\" height=\"400\" src=\"https:\/\/planescomplementariossalud.es\/wp-content\/uploads\/2023\/10\/paco-1-600x400-1.jpg\" alt=\"\" class=\"wp-image-5377\" srcset=\"https:\/\/planescomplementariossalud.es\/wp-content\/uploads\/2023\/10\/paco-1-600x400-1.jpg 600w, https:\/\/planescomplementariossalud.es\/wp-content\/uploads\/2023\/10\/paco-1-600x400-1-300x200.jpg 300w\" sizes=\"(max-width: 600px) 100vw, 600px\" \/><\/figure>\n<\/div>\n<\/div>\n\n\n\n<figure class=\"wp-block-audio\"><audio controls src=\"https:\/\/planescomplementariossalud.es\/wp-content\/uploads\/2023\/10\/Podcast-FMSM-PPCC-21.09.23.mp3\"><\/audio><\/figure>\n\n\n\n<p><a href=\"https:\/\/www.ccmijesususon.com\/podcast-entrevista-al-coordinador-cientifico-de-extremadura-el-dr-fm-sanchez-margallo-sobre-la-contribucion-del-plan-complementario-en-la-region\/\">Enlace<\/a> a la publicaci\u00f3n original del CCMIJU.<\/p>\n","protected":false},"excerpt":{"rendered":"<p>En esta entrevista en formato podcast, el Dr. Margallo habla sobre las principales aportaciones Extremadura al Plan Complementario de Biotecnolog\u00eda Aplicada a la Salud. Destaca los retos globales de la investigaci\u00f3n en el tema de medicina personalizada aplicada a la cirug\u00eda, bien como los beneficios puede aportar este tipo de iniciativas al sistema nacional de &hellip;<\/p>\n<p class=\"read-more\"> <a class=\"\" href=\"https:\/\/planescomplementariossalud.es\/eu\/entrevista-francisco-margallo\/\"> <span class=\"screen-reader-text\">Entrevista al Coordinador Cient\u00edfico de Extremadura, Dr. Francisco M. S\u00e1nchez Margallo, sobre la contribuci\u00f3n del Plan Complementario en la regi\u00f3n<\/span> Read More &raquo;<\/a><\/p>\n","protected":false},"author":3,"featured_media":5378,"comment_status":"closed","ping_status":"closed","sticky":false,"template":"","format":"standard","meta":{"site-sidebar-layout":"default","site-content-layout":"","ast-site-content-layout":"","site-content-style":"default","site-sidebar-style":"default","ast-global-header-display":"","ast-banner-title-visibility":"","ast-main-header-display":"","ast-hfb-above-header-display":"","ast-hfb-below-header-display":"","ast-hfb-mobile-header-display":"","site-post-title":"","ast-breadcrumbs-content":"","ast-featured-img":"","footer-sml-layout":"","theme-transparent-header-meta":"","adv-header-id-meta":"","stick-header-meta":"","header-above-stick-meta":"","header-main-stick-meta":"","header-below-stick-meta":"","astra-migrate-meta-layouts":"","ast-page-background-enabled":"default","ast-page-background-meta":{"desktop":{"background-color":"var(--ast-global-color-4)","background-image":"","background-repeat":"repeat","background-position":"center center","background-size":"auto","background-attachment":"scroll","background-type":"","background-media":"","overlay-type":"","overlay-color":"","overlay-gradient":""},"tablet":{"background-color":"","background-image":"","background-repeat":"repeat","background-position":"center center","background-size":"auto","background-attachment":"scroll","background-type":"","background-media":"","overlay-type":"","overlay-color":"","overlay-gradient":""},"mobile":{"background-color":"","background-image":"","background-repeat":"repeat","background-position":"center center","background-size":"auto","background-attachment":"scroll","background-type":"","background-media":"","overlay-type":"","overlay-color":"","overlay-gradient":""}},"ast-content-background-meta":{"desktop":{"background-color":"var(--ast-global-color-5)","background-image":"","background-repeat":"repeat","background-position":"center center","background-size":"auto","background-attachment":"scroll","background-type":"","background-media":"","overlay-type":"","overlay-color":"","overlay-gradient":""},"tablet":{"background-color":"var(--ast-global-color-5)","background-image":"","background-repeat":"repeat","background-position":"center center","background-size":"auto","background-attachment":"scroll","background-type":"","background-media":"","overlay-type":"","overlay-color":"","overlay-gradient":""},"mobile":{"background-color":"var(--ast-global-color-5)","background-image":"","background-repeat":"repeat","background-position":"center center","background-size":"auto","background-attachment":"scroll","background-type":"","background-media":"","overlay-type":"","overlay-color":"","overlay-gradient":""}},"footnotes":""},"categories":[72],"tags":[124,189],"class_list":["post-5383","post","type-post","status-publish","format-standard","has-post-thumbnail","hentry","category-actualidad-eu","tag-extremadura-eu","tag-tecnicas-para-terapias-avanzadas-eu"],"_links":{"self":[{"href":"https:\/\/planescomplementariossalud.es\/eu\/wp-json\/wp\/v2\/posts\/5383","targetHints":{"allow":["GET"]}}],"collection":[{"href":"https:\/\/planescomplementariossalud.es\/eu\/wp-json\/wp\/v2\/posts"}],"about":[{"href":"https:\/\/planescomplementariossalud.es\/eu\/wp-json\/wp\/v2\/types\/post"}],"author":[{"embeddable":true,"href":"https:\/\/planescomplementariossalud.es\/eu\/wp-json\/wp\/v2\/users\/3"}],"replies":[{"embeddable":true,"href":"https:\/\/planescomplementariossalud.es\/eu\/wp-json\/wp\/v2\/comments?post=5383"}],"version-history":[{"count":1,"href":"https:\/\/planescomplementariossalud.es\/eu\/wp-json\/wp\/v2\/posts\/5383\/revisions"}],"predecessor-version":[{"id":5387,"href":"https:\/\/planescomplementariossalud.es\/eu\/wp-json\/wp\/v2\/posts\/5383\/revisions\/5387"}],"wp:featuredmedia":[{"embeddable":true,"href":"https:\/\/planescomplementariossalud.es\/eu\/wp-json\/wp\/v2\/media\/5378"}],"wp:attachment":[{"href":"https:\/\/planescomplementariossalud.es\/eu\/wp-json\/wp\/v2\/media?parent=5383"}],"wp:term":[{"taxonomy":"category","embeddable":true,"href":"https:\/\/planescomplementariossalud.es\/eu\/wp-json\/wp\/v2\/categories?post=5383"},{"taxonomy":"post_tag","embeddable":true,"href":"https:\/\/planescomplementariossalud.es\/eu\/wp-json\/wp\/v2\/tags?post=5383"}],"curies":[{"name":"wp","href":"https:\/\/api.w.org\/{rel}","templated":true}]}}