{"id":4890,"date":"2023-06-13T08:52:00","date_gmt":"2023-06-13T08:52:00","guid":{"rendered":"https:\/\/planescomplementariossalud.es\/?p=4890"},"modified":"2023-11-23T14:48:56","modified_gmt":"2023-11-23T14:48:56","slug":"lucas-pontel-investigador-del-proyecto-colaborativo-fanconi-cure-habla-sobre-el-cancer-en-la-festa-de-la-ciencia","status":"publish","type":"post","link":"https:\/\/planescomplementariossalud.es\/eu\/lucas-pontel-investigador-del-proyecto-colaborativo-fanconi-cure-habla-sobre-el-cancer-en-la-festa-de-la-ciencia\/","title":{"rendered":"Lucas Pontel, investigador del proyecto colaborativo FANCONI-CURE, habla sobre el c\u00e1ncer en la Festa de la Ciencia"},"content":{"rendered":"\n<p><strong>El programa de ciencia \u201cFen\u00f3menos naturales\u201d de la Radio Farr\u00f3 entrevista al Dr. Lucas Pontel, especialista en metabolismo y biolog\u00eda del c\u00e1ncer, durante la 16\u00aa edici\u00f3n de la Fiesta de la Ciencia en Barcelona.<\/strong><\/p>\n\n\n\n<div class=\"wp-block-columns is-layout-flex wp-container-core-columns-is-layout-28f84493 wp-block-columns-is-layout-flex\">\n<div class=\"wp-block-column is-layout-flow wp-block-column-is-layout-flow\">\n<figure class=\"wp-block-image aligncenter size-large is-resized\"><img fetchpriority=\"high\" decoding=\"async\" src=\"https:\/\/planescomplementariossalud.es\/wp-content\/uploads\/2023\/09\/20230610_LL_Festa-de-la-Ciencia_\u00a9Quique_1686571380844-1024x768.jpg\" alt=\"\" class=\"wp-image-4883\" width=\"746\" height=\"560\" srcset=\"https:\/\/planescomplementariossalud.es\/wp-content\/uploads\/2023\/09\/20230610_LL_Festa-de-la-Ciencia_\u00a9Quique_1686571380844-1024x768.jpg 1024w, https:\/\/planescomplementariossalud.es\/wp-content\/uploads\/2023\/09\/20230610_LL_Festa-de-la-Ciencia_\u00a9Quique_1686571380844-300x225.jpg 300w, https:\/\/planescomplementariossalud.es\/wp-content\/uploads\/2023\/09\/20230610_LL_Festa-de-la-Ciencia_\u00a9Quique_1686571380844-768x576.jpg 768w, https:\/\/planescomplementariossalud.es\/wp-content\/uploads\/2023\/09\/20230610_LL_Festa-de-la-Ciencia_\u00a9Quique_1686571380844-1536x1152.jpg 1536w, https:\/\/planescomplementariossalud.es\/wp-content\/uploads\/2023\/09\/20230610_LL_Festa-de-la-Ciencia_\u00a9Quique_1686571380844.jpg 2048w\" sizes=\"(max-width: 746px) 100vw, 746px\" \/><\/figure>\n<\/div>\n<\/div>\n\n\n\n<p>El pasado 10 de junio, en el marco de <a href=\"https:\/\/www.barcelona.cat\/festa-de-la-ciencia\/es\">16\u00aa edici\u00f3n de la Fiesta de la Ciencia<\/a> en Barcelona, el Dr. Lucas Pontel, investigador del proyecto colaborativo FANCONI-CURE, habl\u00f3 de ciencia y de c\u00e1ncer en una entrevista concedida a la <a href=\"https:\/\/xrcb.cat\/es\/radio\/radiofarro\/\">Radio Farr\u00f3<\/a>, de la <a href=\"https:\/\/xrcb.cat\/es\/\">Red de Radios Comunitarias de Barcelona<\/a>.<br><br>Pontel es l\u00edder del <a href=\"https:\/\/web.archive.org\/web\/20230607162923\/https:\/www.carrerasresearch.org\/es\/metabolismo-del-c%C3%A1ncer_228021\">laboratorio de Metabolismo del C\u00e1ncer<\/a> del <a href=\"http:\/\/www.carrerasresearch.org\/es\">Institut de Recerca contra la Leuc\u00e8mia Josep Carreras (IJC),<\/a> y uno de los investigadores del proyecto colaborativo FANCONI-CURE, enfocado a la enfermedad rara conocida como anemia de FANCONI. En los pacientes con esta enfermedad hereditaria, una o m\u00e1s prote\u00ednas de las v\u00edas de reparaci\u00f3n del ADN est\u00e1n alteradas, de forma que este proceso ocurre de forma muy deficiente. Esto se traduce, entre otros, en un elevado riesgo de padecer diferentes tipos de c\u00e1ncer, en especial leucemia y carcinomas de cabeza y cuello en ni\u00f1os y adultos j\u00f3venes.<br><br>En la entrevista, el Dr. Pontel se ha centrado en explicar con un lenguaje muy claro y cercano qu\u00e9 es el c\u00e1ncer. Empieza haciendo hincapi\u00e9 en que no existe la enfermedad llamada \u201cc\u00e1ncer\u201d, sino que se trata de algo complejo y heterog\u00e9neo. En realidad, no existe un c\u00e1ncer, existen varios tipos dependiendo del tejido donde se origina. Estas enfermedades de pueden englobar dentro de una definici\u00f3n con las caracter\u00edsticas comunes que comparten sus c\u00e9lulas: el hecho de que crecen r\u00e1pidamente, pueden multiplicarse casi indefinidamente y pierden su identidad, es decir la funci\u00f3n que deber\u00edan cumplir en el tejido donde est\u00e1n.<br><br>Durante la entrevista el Dr. Pontel llama la atenci\u00f3n a diferentes aspectos relacionados con el c\u00e1ncer, como por ejemplo que 4 de cada 100 casos est\u00e1n vinculados al consumo de alcohol, o que cada a\u00f1o hay 10 millones de muertes en el mundo asociados a diferentes tipos de c\u00e1ncer.<br><br>Se puede escuchar la entrevista completa <a href=\"https:\/\/www.fenomensnaturals.net\/festa-de-la-ciencia\/\">en este enlace<\/a> (minuto 24\u201930\u201d hasta 42\u201930\u201d).<br><br><br><br><em>El proyecto FANCONI-CURE se enmarca en la L\u00ednea de actuaci\u00f3n 4 del Plan Complementario de Biotecnolog\u00eda Aplicada a la Salud (C17.I1), enfocada al desarrollo de modelos biol\u00f3gicos para el cribado y estudio de la actividad de mol\u00e9culas terap\u00e9uticas, y ha sido cofinanciado por el Ministerio de Ciencia e Innovaci\u00f3n con fondos de la Uni\u00f3n Europea NextGenerationEU, el Plan de Recuperaci\u00f3n, Transformaci\u00f3n y Resiliencia (PRTR-C17.I1) y la Generalitat de Catalu\u00f1a.<br><br>Entidad coordinadora:<br>Institut de Recerca de l\u2019Hospital de la Santa Creu i Sant Pau (HSCSP) (Catalu\u00f1a). Dr. Jordi Surralles, l\u00edder del laboratorio de S\u00edndromes de Reparaci\u00f3n del DNA y Predisposici\u00f3n al C\u00e1ncer<\/em><br><br><em>Entidades Participantes:<br>Institut de Recerca contra la Leuc\u00e8mia Josep Carreras (IJC) (Catalu\u00f1a). Dr. Pontel, l\u00edder del laboratorio de Metabolismo del C\u00e1ncer.<br>Universidad de Sevilla, CABIMER (Andaluc\u00eda). Dr. Rosado, l\u00edder del laboratorio Replicaci\u00f3n del DNA y Da\u00f1o End\u00f3geno.<\/em><\/p>\n","protected":false},"excerpt":{"rendered":"<p>El programa de ciencia \u201cFen\u00f3menos naturales\u201d de la Radio Farr\u00f3 entrevista al Dr. Lucas Pontel, especialista en metabolismo y biolog\u00eda del c\u00e1ncer, durante la 16\u00aa edici\u00f3n de la Fiesta de la Ciencia en Barcelona. El pasado 10 de junio, en el marco de 16\u00aa edici\u00f3n de la Fiesta de la Ciencia en Barcelona, el Dr. &hellip;<\/p>\n<p class=\"read-more\"> <a class=\"\" href=\"https:\/\/planescomplementariossalud.es\/eu\/lucas-pontel-investigador-del-proyecto-colaborativo-fanconi-cure-habla-sobre-el-cancer-en-la-festa-de-la-ciencia\/\"> <span class=\"screen-reader-text\">Lucas Pontel, investigador del proyecto colaborativo FANCONI-CURE, habla sobre el c\u00e1ncer en la Festa de la Ciencia<\/span> Read More &raquo;<\/a><\/p>\n","protected":false},"author":3,"featured_media":4884,"comment_status":"closed","ping_status":"closed","sticky":false,"template":"","format":"standard","meta":{"site-sidebar-layout":"default","site-content-layout":"","ast-site-content-layout":"","site-content-style":"default","site-sidebar-style":"default","ast-global-header-display":"","ast-banner-title-visibility":"","ast-main-header-display":"","ast-hfb-above-header-display":"","ast-hfb-below-header-display":"","ast-hfb-mobile-header-display":"","site-post-title":"","ast-breadcrumbs-content":"","ast-featured-img":"","footer-sml-layout":"","theme-transparent-header-meta":"","adv-header-id-meta":"","stick-header-meta":"","header-above-stick-meta":"","header-main-stick-meta":"","header-below-stick-meta":"","astra-migrate-meta-layouts":"","ast-page-background-enabled":"default","ast-page-background-meta":{"desktop":{"background-color":"var(--ast-global-color-4)","background-image":"","background-repeat":"repeat","background-position":"center center","background-size":"auto","background-attachment":"scroll","background-type":"","background-media":"","overlay-type":"","overlay-color":"","overlay-gradient":""},"tablet":{"background-color":"","background-image":"","background-repeat":"repeat","background-position":"center center","background-size":"auto","background-attachment":"scroll","background-type":"","background-media":"","overlay-type":"","overlay-color":"","overlay-gradient":""},"mobile":{"background-color":"","background-image":"","background-repeat":"repeat","background-position":"center center","background-size":"auto","background-attachment":"scroll","background-type":"","background-media":"","overlay-type":"","overlay-color":"","overlay-gradient":""}},"ast-content-background-meta":{"desktop":{"background-color":"var(--ast-global-color-5)","background-image":"","background-repeat":"repeat","background-position":"center center","background-size":"auto","background-attachment":"scroll","background-type":"","background-media":"","overlay-type":"","overlay-color":"","overlay-gradient":""},"tablet":{"background-color":"var(--ast-global-color-5)","background-image":"","background-repeat":"repeat","background-position":"center center","background-size":"auto","background-attachment":"scroll","background-type":"","background-media":"","overlay-type":"","overlay-color":"","overlay-gradient":""},"mobile":{"background-color":"var(--ast-global-color-5)","background-image":"","background-repeat":"repeat","background-position":"center center","background-size":"auto","background-attachment":"scroll","background-type":"","background-media":"","overlay-type":"","overlay-color":"","overlay-gradient":""}},"footnotes":""},"categories":[72],"tags":[195,175,198],"class_list":["post-4890","post","type-post","status-publish","format-standard","has-post-thumbnail","hentry","category-actualidad-eu","tag-catalunya-eu","tag-divulgacion-eu","tag-modelos-biologicos-eu"],"_links":{"self":[{"href":"https:\/\/planescomplementariossalud.es\/eu\/wp-json\/wp\/v2\/posts\/4890","targetHints":{"allow":["GET"]}}],"collection":[{"href":"https:\/\/planescomplementariossalud.es\/eu\/wp-json\/wp\/v2\/posts"}],"about":[{"href":"https:\/\/planescomplementariossalud.es\/eu\/wp-json\/wp\/v2\/types\/post"}],"author":[{"embeddable":true,"href":"https:\/\/planescomplementariossalud.es\/eu\/wp-json\/wp\/v2\/users\/3"}],"replies":[{"embeddable":true,"href":"https:\/\/planescomplementariossalud.es\/eu\/wp-json\/wp\/v2\/comments?post=4890"}],"version-history":[{"count":1,"href":"https:\/\/planescomplementariossalud.es\/eu\/wp-json\/wp\/v2\/posts\/4890\/revisions"}],"predecessor-version":[{"id":4893,"href":"https:\/\/planescomplementariossalud.es\/eu\/wp-json\/wp\/v2\/posts\/4890\/revisions\/4893"}],"wp:featuredmedia":[{"embeddable":true,"href":"https:\/\/planescomplementariossalud.es\/eu\/wp-json\/wp\/v2\/media\/4884"}],"wp:attachment":[{"href":"https:\/\/planescomplementariossalud.es\/eu\/wp-json\/wp\/v2\/media?parent=4890"}],"wp:term":[{"taxonomy":"category","embeddable":true,"href":"https:\/\/planescomplementariossalud.es\/eu\/wp-json\/wp\/v2\/categories?post=4890"},{"taxonomy":"post_tag","embeddable":true,"href":"https:\/\/planescomplementariossalud.es\/eu\/wp-json\/wp\/v2\/tags?post=4890"}],"curies":[{"name":"wp","href":"https:\/\/api.w.org\/{rel}","templated":true}]}}