{"id":3284,"date":"2022-09-22T10:33:28","date_gmt":"2022-09-22T10:33:28","guid":{"rendered":"https:\/\/planescomplementariossalud.es\/el-plan-complementario-en-biotecnologia-aplicada-a-salud-se-presenta-en-castilla-la-mancha\/"},"modified":"2023-11-27T11:26:43","modified_gmt":"2023-11-27T11:26:43","slug":"el-plan-complementario-en-biotecnologia-aplicada-a-salud-se-presenta-en-castilla-la-mancha","status":"publish","type":"post","link":"https:\/\/planescomplementariossalud.es\/eu\/el-plan-complementario-en-biotecnologia-aplicada-a-salud-se-presenta-en-castilla-la-mancha\/","title":{"rendered":"El Plan Complementario en Biotecnolog\u00eda Aplicada a Salud se presenta en Castilla-La Mancha"},"content":{"rendered":"\t\t<div data-elementor-type=\"wp-post\" data-elementor-id=\"3284\" class=\"elementor elementor-3284 elementor-2077\" data-elementor-post-type=\"post\">\n\t\t\t\t\t\t<section class=\"elementor-section elementor-top-section elementor-element elementor-element-3d62f047 elementor-section-boxed elementor-section-height-default elementor-section-height-default\" data-id=\"3d62f047\" data-element_type=\"section\" data-e-type=\"section\">\n\t\t\t\t\t\t<div class=\"elementor-container elementor-column-gap-default\">\n\t\t\t\t\t<div class=\"elementor-column elementor-col-100 elementor-top-column elementor-element elementor-element-7f1f2a42\" data-id=\"7f1f2a42\" data-element_type=\"column\" data-e-type=\"column\">\n\t\t\t<div class=\"elementor-widget-wrap elementor-element-populated\">\n\t\t\t\t\t\t<div class=\"elementor-element elementor-element-5a309830 elementor-widget elementor-widget-text-editor\" data-id=\"5a309830\" data-element_type=\"widget\" data-e-type=\"widget\" data-widget_type=\"text-editor.default\">\n\t\t\t\t<div class=\"elementor-widget-container\">\n\t\t\t\t\t\t\t\t\t\n<p><strong>El pasado lunes se present\u00f3 la participaci\u00f3n de Castilla-La Mancha en el Plan Complementario de Biotecnolog\u00eda en Salud, con el proyecto \u201cDesarrollo de herramientas para diagn\u00f3stico, pron\u00f3stico y terapias avanzadas o dirigidas en medicina personalizada\u201d. La rueda de prensa tuvo lugar en la Facultad de Medicina de Albacete, Universidad de Castilla-La Mancha.<\/strong><\/p>\n\n<figure class=\"wp-block-image size-full\"><\/figure>\n\n<p>El Plan Complementario de Biotecnolog\u00eda en Salud tiene como principal objetivo la medicina personalizada, con el desarrollo de herramientas para el diagn\u00f3stico, pron\u00f3stico y terapias avanzadas o dirigidas que permitan personalizar las decisiones m\u00e9dicas adapt\u00e1ndolas a cada paciente y situaci\u00f3n.<\/p>\n\n<p>Castilla-La Mancha es una de las siete comunidades aut\u00f3nomas que participan en este Plan estatal, y lo hace a trav\u00e9s de la Universidad de Castilla-La Mancha (UCLM) y del Servicio de salud de Castilla-La Mancha (SESCAM). Las otras Comunidades aut\u00f3nomas involucradas son Andaluc\u00eda; Arag\u00f3n; Catalu\u00f1a; Galicia; Extremadura y Pa\u00eds Vasco. El proyecto, coordinado a nivel estatal por el Instituto de Bioingenier\u00eda de Catalu\u00f1a (IBEC), cuenta con un presupuesto global de 37 millones de euros, de los cuales Castilla-La Mancha coordinar\u00e1 tres millones, financiados a partes iguales por el Ministerio de Ciencia e Innovaci\u00f3n y el Gobierno regional.\u00a0\u00a0<\/p>\n\n<p>Los detalles de este proyecto pionero se presentaron en una rueda de prensa en el sal\u00f3n de actos de la Facultad de Medicina de Albacete (UCLM), con la participaci\u00f3n del coordinador auton\u00f3mico del proyecto, Valent\u00edn Ce\u00f1a; del rector de la UCLM, Juli\u00e1n Garde; de la consejera de Educaci\u00f3n, Cultura y Deportes, Rosa Ana Rodr\u00edguez P\u00e9rez; del director general de Universidades, Investigaci\u00f3n e Innovaci\u00f3n, Ricardo Cuevas y del vicedecano de la Facultad de Medicina de Albacete, Tom\u00e1s Segura. Todos destacaron la relevancia del proyecto, tanto por su aspecto econ\u00f3mico, como por las ventajas y avances m\u00e9dicos que aportar\u00e1 a la sociedad. Adem\u00e1s, este proyecto potenciar\u00e1 las relaciones cient\u00edficas entre centros de investigaci\u00f3n y organismos sanitarios, no solo dentro de cada comunidad aut\u00f3noma, sino entre las siete comunidades aut\u00f3nomas participantes.<\/p>\n\n<p>Castilla-La Mancha, de la mano del profesor Valent\u00edn Ce\u00f1a y su equipo, coordinar\u00e1 una de las 6 l\u00edneas de actuaci\u00f3n que recoge el Plan Complementario de Biotecnolog\u00eda en Salud, concretamente la l\u00ednea de actuaci\u00f3n 5 que se basa en la aplicaci\u00f3n de la nanomedicina a la medicina personalizada. El investigador ha destacado que \u201cpara conseguir el objetivo general del proyecto\u00a0hay que conocer en profundidad los cambios que causa una enfermedad concreta en las mol\u00e9culas que se encuentran en el interior de las c\u00e9lulas de los pacientes que sufren dicha patolog\u00eda\u201d.<\/p>\n\n<p><em>Noticias relacionadas:<\/em><\/p>\n\n<p><a href=\"https:\/\/www.latribunadealbacete.es\/Noticia\/Z55EF407B-E85E-73B6-AC7A01B9F64C8F71\/202209\/La-UCLM-participa-en-un-proyecto-de-medicina-personalizada\">https:\/\/www.latribunadealbacete.es\/Noticia\/Z55EF407B-E85E-73B6-AC7A01B9F64C8F71\/202209\/La-UCLM-participa-en-un-proyecto-de-medicina-personalizada<\/a><\/p>\n\n<p><a href=\"https:\/\/www.uclm.es\/es\/Noticias\/Noticias2022\/Septiembre\/Albacete\/Proyecto_medicina_personalizada#\">https:\/\/www.uclm.es\/es\/Noticias\/Noticias2022\/Septiembre\/Albacete\/Proyecto_medicina_personalizada#<\/a><\/p>\n\t\t\t\t\t\t\t\t<\/div>\n\t\t\t\t<\/div>\n\t\t\t\t\t<\/div>\n\t\t<\/div>\n\t\t\t\t\t<\/div>\n\t\t<\/section>\n\t\t\t\t<\/div>\n\t\t","protected":false},"excerpt":{"rendered":"<p>El pasado lunes se present\u00f3 la participaci\u00f3n de Castilla-La Mancha en el Plan Complementario de Biotecnolog\u00eda en Salud, con el proyecto \u201cDesarrollo de herramientas para diagn\u00f3stico, pron\u00f3stico y terapias avanzadas o dirigidas en medicina personalizada\u201d. La rueda de prensa tuvo lugar en la Facultad de Medicina de Albacete, Universidad de Castilla-La Mancha. El Plan Complementario &hellip;<\/p>\n<p class=\"read-more\"> <a class=\"\" href=\"https:\/\/planescomplementariossalud.es\/eu\/el-plan-complementario-en-biotecnologia-aplicada-a-salud-se-presenta-en-castilla-la-mancha\/\"> <span class=\"screen-reader-text\">El Plan Complementario en Biotecnolog\u00eda Aplicada a Salud se presenta en Castilla-La Mancha<\/span> Read More &raquo;<\/a><\/p>\n","protected":false},"author":3,"featured_media":2754,"comment_status":"closed","ping_status":"open","sticky":false,"template":"","format":"standard","meta":{"site-sidebar-layout":"default","site-content-layout":"","ast-site-content-layout":"","site-content-style":"default","site-sidebar-style":"default","ast-global-header-display":"","ast-banner-title-visibility":"","ast-main-header-display":"","ast-hfb-above-header-display":"","ast-hfb-below-header-display":"","ast-hfb-mobile-header-display":"","site-post-title":"","ast-breadcrumbs-content":"","ast-featured-img":"","footer-sml-layout":"","theme-transparent-header-meta":"","adv-header-id-meta":"","stick-header-meta":"","header-above-stick-meta":"","header-main-stick-meta":"","header-below-stick-meta":"","astra-migrate-meta-layouts":"","ast-page-background-enabled":"default","ast-page-background-meta":{"desktop":{"background-color":"var(--ast-global-color-4)","background-image":"","background-repeat":"repeat","background-position":"center center","background-size":"auto","background-attachment":"scroll","background-type":"","background-media":"","overlay-type":"","overlay-color":"","overlay-gradient":""},"tablet":{"background-color":"","background-image":"","background-repeat":"repeat","background-position":"center center","background-size":"auto","background-attachment":"scroll","background-type":"","background-media":"","overlay-type":"","overlay-color":"","overlay-gradient":""},"mobile":{"background-color":"","background-image":"","background-repeat":"repeat","background-position":"center center","background-size":"auto","background-attachment":"scroll","background-type":"","background-media":"","overlay-type":"","overlay-color":"","overlay-gradient":""}},"ast-content-background-meta":{"desktop":{"background-color":"var(--ast-global-color-5)","background-image":"","background-repeat":"repeat","background-position":"center center","background-size":"auto","background-attachment":"scroll","background-type":"","background-media":"","overlay-type":"","overlay-color":"","overlay-gradient":""},"tablet":{"background-color":"var(--ast-global-color-5)","background-image":"","background-repeat":"repeat","background-position":"center center","background-size":"auto","background-attachment":"scroll","background-type":"","background-media":"","overlay-type":"","overlay-color":"","overlay-gradient":""},"mobile":{"background-color":"var(--ast-global-color-5)","background-image":"","background-repeat":"repeat","background-position":"center center","background-size":"auto","background-attachment":"scroll","background-type":"","background-media":"","overlay-type":"","overlay-color":"","overlay-gradient":""}},"footnotes":""},"categories":[72],"tags":[185],"class_list":["post-3284","post","type-post","status-publish","format-standard","has-post-thumbnail","hentry","category-actualidad-eu","tag-castilla-la-mancha-eu"],"_links":{"self":[{"href":"https:\/\/planescomplementariossalud.es\/eu\/wp-json\/wp\/v2\/posts\/3284","targetHints":{"allow":["GET"]}}],"collection":[{"href":"https:\/\/planescomplementariossalud.es\/eu\/wp-json\/wp\/v2\/posts"}],"about":[{"href":"https:\/\/planescomplementariossalud.es\/eu\/wp-json\/wp\/v2\/types\/post"}],"author":[{"embeddable":true,"href":"https:\/\/planescomplementariossalud.es\/eu\/wp-json\/wp\/v2\/users\/3"}],"replies":[{"embeddable":true,"href":"https:\/\/planescomplementariossalud.es\/eu\/wp-json\/wp\/v2\/comments?post=3284"}],"version-history":[{"count":4,"href":"https:\/\/planescomplementariossalud.es\/eu\/wp-json\/wp\/v2\/posts\/3284\/revisions"}],"predecessor-version":[{"id":4694,"href":"https:\/\/planescomplementariossalud.es\/eu\/wp-json\/wp\/v2\/posts\/3284\/revisions\/4694"}],"wp:featuredmedia":[{"embeddable":true,"href":"https:\/\/planescomplementariossalud.es\/eu\/wp-json\/wp\/v2\/media\/2754"}],"wp:attachment":[{"href":"https:\/\/planescomplementariossalud.es\/eu\/wp-json\/wp\/v2\/media?parent=3284"}],"wp:term":[{"taxonomy":"category","embeddable":true,"href":"https:\/\/planescomplementariossalud.es\/eu\/wp-json\/wp\/v2\/categories?post=3284"},{"taxonomy":"post_tag","embeddable":true,"href":"https:\/\/planescomplementariossalud.es\/eu\/wp-json\/wp\/v2\/tags?post=3284"}],"curies":[{"name":"wp","href":"https:\/\/api.w.org\/{rel}","templated":true}]}}