{"id":21383,"date":"2025-08-12T07:04:00","date_gmt":"2025-08-12T07:04:00","guid":{"rendered":"https:\/\/planescomplementariossalud.es\/?p=21383"},"modified":"2025-08-12T07:04:01","modified_gmt":"2025-08-12T07:04:01","slug":"andalucia-impulsa-la-medicina-personalizada-con-nuevas-plataformas-biotecnologicas-de-vanguardia","status":"publish","type":"post","link":"https:\/\/planescomplementariossalud.es\/en\/andalucia-impulsa-la-medicina-personalizada-con-nuevas-plataformas-biotecnologicas-de-vanguardia\/","title":{"rendered":"ANDALUC\u00cdA IMPULSA LA MEDICINA PERSONALIZADA CON NUEVAS PLATAFORMAS BIOTECNOL\u00d3GICAS DE VANGUARDIA"},"content":{"rendered":"\n<p><strong><strong><strong>El proyecto Andaluc\u00eda-Biotec Salud, enmarcado en el Plan Complementario de Biotecnolog\u00eda Aplicada a la Salud, posiciona a la regi\u00f3n como referente nacional en innovaci\u00f3n biom\u00e9dica.<\/strong><\/strong><\/strong><\/p>\n\n\n\n<div class=\"wp-block-columns is-layout-flex wp-container-core-columns-is-layout-28f84493 wp-block-columns-is-layout-flex\">\n<div class=\"wp-block-column is-layout-flow wp-block-column-is-layout-flow\">\n<figure class=\"wp-block-image aligncenter size-full\"><img fetchpriority=\"high\" decoding=\"async\" width=\"586\" height=\"732\" src=\"https:\/\/planescomplementariossalud.es\/wp-content\/uploads\/2025\/07\/imagen-1.png\" alt=\"\" class=\"wp-image-21371\" srcset=\"https:\/\/planescomplementariossalud.es\/wp-content\/uploads\/2025\/07\/imagen-1.png 586w, https:\/\/planescomplementariossalud.es\/wp-content\/uploads\/2025\/07\/imagen-1-240x300.png 240w\" sizes=\"(max-width: 586px) 100vw, 586px\" \/><\/figure>\n<\/div>\n<\/div>\n\n\n\n<p>Andaluc\u00eda se posiciona como un referente a nivel nacional en el desarrollo de tecnolog\u00edas biom\u00e9dicas gracias al impulso del proyecto <a href=\"https:\/\/andaluciabiotec.csic.es\/\"><strong>Andaluc\u00eda-Biotec Salud<\/strong><\/a>, una iniciativa estrat\u00e9gica perteneciente a los proyectos estrat\u00e9gicos para la recuperaci\u00f3n y transformaci\u00f3n econ\u00f3mica (PERTE), y enmarcada en el <a href=\"https:\/\/planescomplementariossalud.es\/en\/\"><strong>Plan Complementario de Biotecnolog\u00eda Aplicada a la Salud<\/strong>,<\/a> que ha contado con la cofinanciaci\u00f3n del <strong>Ministerio de Ciencia, Innovaci\u00f3n y Universidades<\/strong>, la <strong>Junta de Andaluc\u00eda<\/strong> y los fondos europeos <strong>NextGenerationEU<\/strong>.<\/p>\n\n\n\n<p>Este proyecto colaborativo est\u00e1 coordinado por el Instituto de <a href=\"https:\/\/www.ipb.csic.es\/\">Parasitolog\u00eda y Biomedicina L\u00f3pez-Neyra (IPBLN),<\/a> perteneciente al Consejo Superior de Investigaciones Cient\u00edficas (<a href=\"https:\/\/www.csic.es\/es\">CSIC<\/a>) y cuenta con la participaci\u00f3n de otros cinco centros de investigaci\u00f3n punteros: el <a href=\"https:\/\/www.cabd.es\/es\/\">Centro Andaluz de Biolog\u00eda del Desarrollo (CABD-CSIC),<\/a> el <a href=\"https:\/\/www.ibis-sevilla.es\/es\/\">Instituto de Biomedicina de Sevilla (IBiS)<\/a> , el <a href=\"https:\/\/www.cabimer.es\/\">Centro Andaluz de Biolog\u00eda Molecular y Medicina Regenerativa (CABIMER)<\/a> y la <a href=\"https:\/\/www.juntadeandalucia.es\/organismos\/fps.html\">Fundaci\u00f3n P\u00fablica Andaluza Progreso y Salud (FPS)<\/a>. De manera simult\u00e1nea, el <strong>Plan Complementario de Biotecnolog\u00eda Aplicada a la Salud en Andaluc\u00eda <\/strong>cuenta con el apoyo y la colaboraci\u00f3n de diversas universidades y hospitales de la comunidad aut\u00f3noma, como son la Universidad Pablo de Olavide, la Universidad de Granada o el Hospital San Cecilio de Granada.<\/p>\n\n\n\n<p>Esta red de trabajo multidisciplinar tiene como objetivo implementar plataformas biotecnol\u00f3gicas transversales centradas en la <strong>medicina personalizada <\/strong>gracias a la puesta a punto deherramientas y protocolos que permitan hacer realidad lo que hasta la fecha era una propuesta futur\u00edstica. Las nuevas tecnolog\u00edas implementadas, as\u00ed como sus procedimientos estandarizados de actuaci\u00f3n, permitir\u00e1n mejorar el sistema de salud p\u00fablico facilitando diagn\u00f3sticos m\u00e1s precisos, el desarrollo de terapias dirigidas y pron\u00f3sticos individualizados, de manera que puedan adaptarse a las caracter\u00edsticas individuales de cada paciente.<\/p>\n\n\n\n<p>Entre sus <a href=\"https:\/\/andaluciabiotec.csic.es\/lineas-actuacion\/\">l\u00edneas prioritarias de actuaci\u00f3n<\/a> se incluyen:<\/p>\n\n\n\n<p><strong>La armonizaci\u00f3n de bases de datos cl\u00ednicos del Sistema de Salud P\u00fablica de Andaluc\u00eda para su integraci\u00f3n y an\u00e1lisis conjuntos en la iniciativa nacional.<\/strong> Esta l\u00ednea de actuaci\u00f3n es llevada a cabo y dirigido por el Dr. Joaquim Dopazo Bl\u00e1zquez, de la Fundaci\u00f3n Andaluza Progreso y Salud (FPS), uno de los investigadores m\u00e1s relevantes a nivel nacional en campos como Bioinform\u00e1tica Cl\u00ednica, Big data e inteligencia artificial aplicada a la salud.<\/p>\n\n\n\n<p><strong>La generaci\u00f3n y consolidaci\u00f3n de herramientas biotecnol\u00f3gicas y de edici\u00f3n gen\u00f3mica para el desarrollo y uso de biomodelos de enfermedades humanas<\/strong>, dirigida por el Dr. Miguel \u00c1ngel Moreno Mateos, cient\u00edfico titular del Consejo Superior de Investigaciones Cient\u00edficas (CSIC) en el Centro Andaluz de Biolog\u00eda del Desarrollo (CABD) y experto en herramientas biotecnol\u00f3gicas de edici\u00f3n gen\u00e9tica.<\/p>\n\n\n\n<p><strong>La caracterizaci\u00f3n \u00f3mica de muestras y biomodelos a escala de c\u00e9lula \u00fanica.<\/strong> Esta l\u00ednea de actuaci\u00f3n se realiza mediante el desarrollo de <strong>cinco proyectos de investigaci\u00f3n<\/strong>, \u00edntimamente conectados entre s\u00ed, y organizados en dos nodos geogr\u00e1ficos y tem\u00e1ticos situados en Granada y en Sevilla. El n\u00facleo <strong>granadino <\/strong>engloba la generaci\u00f3n y puesta a punto de dos plataformas biotecnol\u00f3gicas complementarias dedicadas a transcript\u00f3mica espacial de c\u00e9lula \u00fanica con aplicaci\u00f3n biosanitaria, as\u00ed como el desarrollo de m\u00e9todos coordinados de an\u00e1lisis bioinform\u00e1ticos estandarizados. Estos dos proyectos son liderados por la Dra. Alicia Barroso del Jesus y el Dr. Eduardo Andr\u00e9s Le\u00f3n, especialistas y responsables de las Unidades de Gen\u00f3mica y Bioinform\u00e1tica del IPBLN, respectivamente. De manera paralela, el nodo situado en <strong>Sevilla centraliza <\/strong>la generaci\u00f3n y puesta a punto de varias plataformas especializadas en la transcript\u00f3mica, prote\u00f3mica y epigen\u00f3mica de c\u00e9lula individual, que se desarrollan en formato proyectos individuales dirigidos por los investigadores Dr. Alberto Pascual (IBiS), Dr. Jos\u00e9 Carlos Reyes (CABIMER) y el Dr. Javier L\u00f3pez-R\u00edos Moreno (CABD).<\/p>\n\n\n\n<p>Con ello, Andaluc\u00eda se consolida como un actor clave en el desarrollo de tecnolog\u00edas biom\u00e9dicas avanzadas, fortaleciendo su ecosistema cient\u00edfico y permitiendo la democratizaci\u00f3n al acceso a herramientas de vanguardia para centros de investigaci\u00f3n, hospitales y empresas del sector salud. Este esfuerzo conjunto, que ha contado con una inversi\u00f3n de casi un mill\u00f3n y medio de euros, contribuye as\u00ed a la transformaci\u00f3n del sistema sanitario espa\u00f1ol de salud mediante la ciencia y la innovaci\u00f3n.<\/p>\n","protected":false},"excerpt":{"rendered":"<p>El proyecto Andaluc\u00eda-Biotec Salud, enmarcado en el Plan Complementario de Biotecnolog\u00eda Aplicada a la Salud, posiciona a la regi\u00f3n como referente nacional en innovaci\u00f3n biom\u00e9dica. Andaluc\u00eda se posiciona como un referente a nivel nacional en el desarrollo de tecnolog\u00edas biom\u00e9dicas gracias al impulso del proyecto Andaluc\u00eda-Biotec Salud, una iniciativa estrat\u00e9gica perteneciente a los proyectos estrat\u00e9gicos &hellip;<\/p>\n<p class=\"read-more\"> <a class=\"\" href=\"https:\/\/planescomplementariossalud.es\/en\/andalucia-impulsa-la-medicina-personalizada-con-nuevas-plataformas-biotecnologicas-de-vanguardia\/\"> <span class=\"screen-reader-text\">ANDALUC\u00cdA IMPULSA LA MEDICINA PERSONALIZADA CON NUEVAS PLATAFORMAS BIOTECNOL\u00d3GICAS DE VANGUARDIA<\/span> Read More &raquo;<\/a><\/p>\n","protected":false},"author":15,"featured_media":21379,"comment_status":"closed","ping_status":"closed","sticky":false,"template":"","format":"standard","meta":{"site-sidebar-layout":"default","site-content-layout":"","ast-site-content-layout":"default","site-content-style":"default","site-sidebar-style":"default","ast-global-header-display":"","ast-banner-title-visibility":"","ast-main-header-display":"","ast-hfb-above-header-display":"","ast-hfb-below-header-display":"","ast-hfb-mobile-header-display":"","site-post-title":"","ast-breadcrumbs-content":"","ast-featured-img":"","footer-sml-layout":"","theme-transparent-header-meta":"","adv-header-id-meta":"","stick-header-meta":"","header-above-stick-meta":"","header-main-stick-meta":"","header-below-stick-meta":"","astra-migrate-meta-layouts":"","ast-page-background-enabled":"default","ast-page-background-meta":{"desktop":{"background-color":"var(--ast-global-color-4)","background-image":"","background-repeat":"repeat","background-position":"center center","background-size":"auto","background-attachment":"scroll","background-type":"","background-media":"","overlay-type":"","overlay-color":"","overlay-gradient":""},"tablet":{"background-color":"","background-image":"","background-repeat":"repeat","background-position":"center center","background-size":"auto","background-attachment":"scroll","background-type":"","background-media":"","overlay-type":"","overlay-color":"","overlay-gradient":""},"mobile":{"background-color":"","background-image":"","background-repeat":"repeat","background-position":"center center","background-size":"auto","background-attachment":"scroll","background-type":"","background-media":"","overlay-type":"","overlay-color":"","overlay-gradient":""}},"ast-content-background-meta":{"desktop":{"background-color":"var(--ast-global-color-5)","background-image":"","background-repeat":"repeat","background-position":"center center","background-size":"auto","background-attachment":"scroll","background-type":"","background-media":"","overlay-type":"","overlay-color":"","overlay-gradient":""},"tablet":{"background-color":"var(--ast-global-color-5)","background-image":"","background-repeat":"repeat","background-position":"center center","background-size":"auto","background-attachment":"scroll","background-type":"","background-media":"","overlay-type":"","overlay-color":"","overlay-gradient":""},"mobile":{"background-color":"var(--ast-global-color-5)","background-image":"","background-repeat":"repeat","background-position":"center center","background-size":"auto","background-attachment":"scroll","background-type":"","background-media":"","overlay-type":"","overlay-color":"","overlay-gradient":""}},"footnotes":""},"categories":[157],"tags":[263],"class_list":["post-21383","post","type-post","status-publish","format-standard","has-post-thumbnail","hentry","category-noticias-en","tag-andalucia-en"],"_links":{"self":[{"href":"https:\/\/planescomplementariossalud.es\/en\/wp-json\/wp\/v2\/posts\/21383","targetHints":{"allow":["GET"]}}],"collection":[{"href":"https:\/\/planescomplementariossalud.es\/en\/wp-json\/wp\/v2\/posts"}],"about":[{"href":"https:\/\/planescomplementariossalud.es\/en\/wp-json\/wp\/v2\/types\/post"}],"author":[{"embeddable":true,"href":"https:\/\/planescomplementariossalud.es\/en\/wp-json\/wp\/v2\/users\/15"}],"replies":[{"embeddable":true,"href":"https:\/\/planescomplementariossalud.es\/en\/wp-json\/wp\/v2\/comments?post=21383"}],"version-history":[{"count":2,"href":"https:\/\/planescomplementariossalud.es\/en\/wp-json\/wp\/v2\/posts\/21383\/revisions"}],"predecessor-version":[{"id":21947,"href":"https:\/\/planescomplementariossalud.es\/en\/wp-json\/wp\/v2\/posts\/21383\/revisions\/21947"}],"wp:featuredmedia":[{"embeddable":true,"href":"https:\/\/planescomplementariossalud.es\/en\/wp-json\/wp\/v2\/media\/21379"}],"wp:attachment":[{"href":"https:\/\/planescomplementariossalud.es\/en\/wp-json\/wp\/v2\/media?parent=21383"}],"wp:term":[{"taxonomy":"category","embeddable":true,"href":"https:\/\/planescomplementariossalud.es\/en\/wp-json\/wp\/v2\/categories?post=21383"},{"taxonomy":"post_tag","embeddable":true,"href":"https:\/\/planescomplementariossalud.es\/en\/wp-json\/wp\/v2\/tags?post=21383"}],"curies":[{"name":"wp","href":"https:\/\/api.w.org\/{rel}","templated":true}]}}