{"id":15732,"date":"2022-06-19T17:25:48","date_gmt":"2022-06-19T17:25:48","guid":{"rendered":"https:\/\/planescomplementariossalud.es\/instituto-de-bioingenieria-de-catalunya\/"},"modified":"2024-07-17T13:20:22","modified_gmt":"2024-07-17T13:20:22","slug":"instituto-de-bioingenieria-de-catalunya","status":"publish","type":"post","link":"https:\/\/planescomplementariossalud.es\/en\/instituto-de-bioingenieria-de-catalunya\/","title":{"rendered":"Institut de Bioenginyeria de Catalunya (IBEC) &#8211; Entidad coordinadora"},"content":{"rendered":"\n<p>El IBEC es un centro de investigaci\u00f3n, con sede en Barcelona, que lleva a cabo investigaci\u00f3n interdisciplinaria de excelencia en la frontera de la ingenier\u00eda y las ciencias de la vida con el fin de generar nuevo conocimiento integrando campos como la nanomedicina, la biof\u00edsica, la biotecnolog\u00eda la ingenier\u00eda de tejidos y las aplicaciones de tecnolog\u00eda de la informaci\u00f3n en el \u00e1mbito de la salud.<\/p>\n\n\n\n<p>El IBEC fue creado en 2005 por el departamento de Innovaci\u00f3n, Universidades y Empresa y el de Salud de la Generalitat de Catalu\u00f1a, la Universidad de Barcelona (UB) y la Universidad Polit\u00e9cnica de Catalu\u00f1a (UPC). El Instituto cuenta actualmente con 22 grupos de investigaci\u00f3n y 336 investigadores,.<\/p>\n\n\n\n<p>El IBEC ha sido elegido por su trayectoria y experiencia previas para liderar y coordinar la mayor colaboraci\u00f3n interregional de medicina personalizada en uno de los consorcios m\u00e1s grandes de la historia de Espa\u00f1a y mejor dotado econ\u00f3micamente.<\/p>\n\n\n\n<p><a href=\"https:\/\/ibecbarcelona.eu\/es\/\">https:\/\/ibecbarcelona.eu\/es\/<\/a><\/p>\n","protected":false},"excerpt":{"rendered":"<p>El IBEC es un centro de investigaci\u00f3n, con sede en Barcelona, que lleva a cabo investigaci\u00f3n interdisciplinaria de excelencia en la frontera de la ingenier\u00eda y las ciencias de la vida con el fin de generar nuevo conocimiento integrando campos como la nanomedicina, la biof\u00edsica, la biotecnolog\u00eda la ingenier\u00eda de tejidos y las aplicaciones de &hellip;<\/p>\n<p class=\"read-more\"> <a class=\"\" href=\"https:\/\/planescomplementariossalud.es\/en\/instituto-de-bioingenieria-de-catalunya\/\"> <span class=\"screen-reader-text\">Institut de Bioenginyeria de Catalunya (IBEC) &#8211; Entidad coordinadora<\/span> Read More &raquo;<\/a><\/p>\n","protected":false},"author":4,"featured_media":9322,"comment_status":"open","ping_status":"open","sticky":false,"template":"","format":"standard","meta":{"site-sidebar-layout":"default","site-content-layout":"","ast-site-content-layout":"default","site-content-style":"default","site-sidebar-style":"default","ast-global-header-display":"","ast-banner-title-visibility":"","ast-main-header-display":"","ast-hfb-above-header-display":"","ast-hfb-below-header-display":"","ast-hfb-mobile-header-display":"","site-post-title":"","ast-breadcrumbs-content":"","ast-featured-img":"","footer-sml-layout":"","theme-transparent-header-meta":"","adv-header-id-meta":"","stick-header-meta":"","header-above-stick-meta":"","header-main-stick-meta":"","header-below-stick-meta":"","astra-migrate-meta-layouts":"","ast-page-background-enabled":"default","ast-page-background-meta":{"desktop":{"background-color":"var(--ast-global-color-4)","background-image":"","background-repeat":"repeat","background-position":"center center","background-size":"auto","background-attachment":"scroll","background-type":"","background-media":"","overlay-type":"","overlay-color":"","overlay-gradient":""},"tablet":{"background-color":"","background-image":"","background-repeat":"repeat","background-position":"center center","background-size":"auto","background-attachment":"scroll","background-type":"","background-media":"","overlay-type":"","overlay-color":"","overlay-gradient":""},"mobile":{"background-color":"","background-image":"","background-repeat":"repeat","background-position":"center center","background-size":"auto","background-attachment":"scroll","background-type":"","background-media":"","overlay-type":"","overlay-color":"","overlay-gradient":""}},"ast-content-background-meta":{"desktop":{"background-color":"var(--ast-global-color-5)","background-image":"","background-repeat":"repeat","background-position":"center center","background-size":"auto","background-attachment":"scroll","background-type":"","background-media":"","overlay-type":"","overlay-color":"","overlay-gradient":""},"tablet":{"background-color":"var(--ast-global-color-5)","background-image":"","background-repeat":"repeat","background-position":"center center","background-size":"auto","background-attachment":"scroll","background-type":"","background-media":"","overlay-type":"","overlay-color":"","overlay-gradient":""},"mobile":{"background-color":"var(--ast-global-color-5)","background-image":"","background-repeat":"repeat","background-position":"center center","background-size":"auto","background-attachment":"scroll","background-type":"","background-media":"","overlay-type":"","overlay-color":"","overlay-gradient":""}},"footnotes":""},"categories":[225,209],"tags":[],"class_list":["post-15732","post","type-post","status-publish","format-standard","has-post-thumbnail","hentry","category-catalunya-en-2","category-consorcio-en-2"],"_links":{"self":[{"href":"https:\/\/planescomplementariossalud.es\/en\/wp-json\/wp\/v2\/posts\/15732","targetHints":{"allow":["GET"]}}],"collection":[{"href":"https:\/\/planescomplementariossalud.es\/en\/wp-json\/wp\/v2\/posts"}],"about":[{"href":"https:\/\/planescomplementariossalud.es\/en\/wp-json\/wp\/v2\/types\/post"}],"author":[{"embeddable":true,"href":"https:\/\/planescomplementariossalud.es\/en\/wp-json\/wp\/v2\/users\/4"}],"replies":[{"embeddable":true,"href":"https:\/\/planescomplementariossalud.es\/en\/wp-json\/wp\/v2\/comments?post=15732"}],"version-history":[{"count":1,"href":"https:\/\/planescomplementariossalud.es\/en\/wp-json\/wp\/v2\/posts\/15732\/revisions"}],"predecessor-version":[{"id":15737,"href":"https:\/\/planescomplementariossalud.es\/en\/wp-json\/wp\/v2\/posts\/15732\/revisions\/15737"}],"wp:featuredmedia":[{"embeddable":true,"href":"https:\/\/planescomplementariossalud.es\/en\/wp-json\/wp\/v2\/media\/9322"}],"wp:attachment":[{"href":"https:\/\/planescomplementariossalud.es\/en\/wp-json\/wp\/v2\/media?parent=15732"}],"wp:term":[{"taxonomy":"category","embeddable":true,"href":"https:\/\/planescomplementariossalud.es\/en\/wp-json\/wp\/v2\/categories?post=15732"},{"taxonomy":"post_tag","embeddable":true,"href":"https:\/\/planescomplementariossalud.es\/en\/wp-json\/wp\/v2\/tags?post=15732"}],"curies":[{"name":"wp","href":"https:\/\/api.w.org\/{rel}","templated":true}]}}