{"id":10089,"date":"2024-03-22T13:18:30","date_gmt":"2024-03-22T13:18:30","guid":{"rendered":"https:\/\/planescomplementariossalud.es\/?p=10089"},"modified":"2024-04-10T09:36:04","modified_gmt":"2024-04-10T09:36:04","slug":"el-plan-complementario-de-biotecnologia-presente-en-transfiere-2024-foro-europeo-para-la-ciencia-tecnologia-e-innovacion","status":"publish","type":"post","link":"https:\/\/planescomplementariossalud.es\/en\/el-plan-complementario-de-biotecnologia-presente-en-transfiere-2024-foro-europeo-para-la-ciencia-tecnologia-e-innovacion\/","title":{"rendered":"El Plan Complementario de Biotecnolog\u00eda presente en Transfiere 2024, Foro Europeo para la Ciencia, Tecnolog\u00eda e Innovaci\u00f3n"},"content":{"rendered":"\n<p><strong>El Plan Complementario de Biotecnolog\u00eda ha participado esta semana en Transfiere 2024, un foro de gran importancia en la transferencia del conocimiento y la innovaci\u00f3n. Las Comunidades Aut\u00f3nomas de Extremadura, Arag\u00f3n y Galicia han asistido como expositores, enfocadas en promover las \u00faltimas innovaciones en el \u00e1mbito de la medicina y la salud.<\/strong><\/p>\n\n\n\n<div class=\"wp-block-columns is-layout-flex wp-container-core-columns-is-layout-28f84493 wp-block-columns-is-layout-flex\">\n<div class=\"wp-block-column is-layout-flow wp-block-column-is-layout-flow\">\n<figure class=\"wp-block-image aligncenter size-full\"><img fetchpriority=\"high\" decoding=\"async\" width=\"2040\" height=\"1530\" src=\"https:\/\/planescomplementariossalud.es\/wp-content\/uploads\/2024\/03\/transfiere2.jpg\" alt=\"\" class=\"wp-image-10079\" srcset=\"https:\/\/planescomplementariossalud.es\/wp-content\/uploads\/2024\/03\/transfiere2.jpg 2040w, https:\/\/planescomplementariossalud.es\/wp-content\/uploads\/2024\/03\/transfiere2-300x225.jpg 300w, https:\/\/planescomplementariossalud.es\/wp-content\/uploads\/2024\/03\/transfiere2-1024x768.jpg 1024w, https:\/\/planescomplementariossalud.es\/wp-content\/uploads\/2024\/03\/transfiere2-768x576.jpg 768w, https:\/\/planescomplementariossalud.es\/wp-content\/uploads\/2024\/03\/transfiere2-1536x1152.jpg 1536w\" sizes=\"(max-width: 2040px) 100vw, 2040px\" \/><figcaption class=\"wp-element-caption\">De izquierda a derecha: Francisco Margallo, Raquel Yotti, Teresa Sanchis, Javier de Francisco Morcillo, Juan Margallo y Gonzalo Ar\u00e9valo<\/figcaption><\/figure>\n<\/div>\n<\/div>\n\n\n\n<p>Del 20 al 22 de marzo del 2024 tuvo lugar la decimotercera edici\u00f3n de <a href=\"https:\/\/transfiere.fycma.com\" target=\"_blank\" rel=\"noreferrer noopener\">Transfiere en FYCMA<\/a> &#8211; Palacio de Ferias y Congresos de M\u00e1laga, el cual congreg\u00f3 a profesionales procedentes de m\u00e1s de treinta pa\u00edses, as\u00ed como a m\u00e1s de 500 empresas, instituciones y administraciones p\u00fablicas del \u00e1mbito internacional dedicadas a I+D+I. El foro explor\u00f3 una gama amplia de temas vinculados a la innovaci\u00f3n abierta, al desarrollo cient\u00edfico-tecnol\u00f3gico y a las colaboraciones p\u00fablico-privadas entre otros. Asimismo, la zona expositiva, con representaci\u00f3n de m\u00e1s de 350 empresas, entidades y administraciones p\u00fablicas, permiti\u00f3 crear y potenciar sinergias globales en un espacio din\u00e1mico e integrado. &nbsp;<br>&nbsp;<br>De los dos d\u00edas de intensas jornadas, cabe destacar&nbsp;la intervenci\u00f3n de Raquel Yotti, comisionada del PERTE para la Salud de Vanguardia del Ministerio de Ciencia, Innovaci\u00f3n y Universidades. Yotti ofreci\u00f3 un interesante discurso en el espacio Science Room sobre la importancia de la salud dentro de los Proyectos Estrat\u00e9gicos para la Recuperaci\u00f3n y Transformaci\u00f3n Econ\u00f3mica (PERTE). Adem\u00e1s, Raquel Yotti visit\u00f3 el stand de la Comunidad Aut\u00f3noma de Extremadura, donde se presentaron, de la mano de Francisco S\u00e1nchez Margallo, coordinador cient\u00edfico de Extremadura, y Juan S\u00e1nchez Margallo, coordinador t\u00e9cnico de la L\u00ednea de Actuaci\u00f3n 6 del Plan, tres de las diferentes tem\u00e1ticas abordadas en el Plan Complementario de Biotecnolog\u00eda Aplicada a la Salud, integrado en el PERTE para la Salud de Vanguardia.<\/p>\n\n\n\n<p>En primer lugar, se destac\u00f3 la importancia del uso de la bioimpresi\u00f3n a la hora de mejorar las opciones terap\u00e9uticas para el tratamiento de patolog\u00edas cardiovasculares e infertilidad. En segundo lugar, se mostraron los diferentes modelos para la formaci\u00f3n y asistencia en cirug\u00eda de m\u00ednima invasi\u00f3n tales como la colorrectal, pancre\u00e1tica o la ginecol\u00f3gica. Finalmente, se presentaron las tecnolog\u00edas digitales claves e inmersivas en el \u00e1mbito de la salud como son la realidad virtual o aumentada.&nbsp;&nbsp;<br>&nbsp;<\/p>\n\n\n\n<div class=\"wp-block-columns is-layout-flex wp-container-core-columns-is-layout-28f84493 wp-block-columns-is-layout-flex\">\n<div class=\"wp-block-column is-layout-flow wp-block-column-is-layout-flow\">\n<div class=\"wp-block-columns is-layout-flex wp-container-core-columns-is-layout-28f84493 wp-block-columns-is-layout-flex\">\n<div class=\"wp-block-column is-layout-flow wp-block-column-is-layout-flow\">\n<figure class=\"wp-block-image aligncenter size-large is-resized\"><img decoding=\"async\" width=\"1024\" height=\"768\" src=\"https:\/\/planescomplementariossalud.es\/wp-content\/uploads\/2024\/03\/transfiere3-1024x768.jpg\" alt=\"\" class=\"wp-image-10117\" style=\"width:832px;height:auto\" srcset=\"https:\/\/planescomplementariossalud.es\/wp-content\/uploads\/2024\/03\/transfiere3-1024x768.jpg 1024w, https:\/\/planescomplementariossalud.es\/wp-content\/uploads\/2024\/03\/transfiere3-300x225.jpg 300w, https:\/\/planescomplementariossalud.es\/wp-content\/uploads\/2024\/03\/transfiere3-768x576.jpg 768w, https:\/\/planescomplementariossalud.es\/wp-content\/uploads\/2024\/03\/transfiere3-1536x1152.jpg 1536w, https:\/\/planescomplementariossalud.es\/wp-content\/uploads\/2024\/03\/transfiere3.jpg 2040w\" sizes=\"(max-width: 1024px) 100vw, 1024px\" \/><figcaption class=\"wp-element-caption\">Raquel Yotti en el stand de Extremadura<\/figcaption><\/figure>\n<\/div>\n<\/div>\n<\/div>\n<\/div>\n\n\n\n<p>Por \u00faltimo, M\u00aa Pilar Gayoso, subdirectora General del Instituto de Salud Carlos III y miembro del Comit\u00e9 Cient\u00edfico de los Planes Complementarios, destac\u00f3 el papel de los Planes durante la sesi\u00f3n sobre las claves de la financiaci\u00f3n p\u00fablica espa\u00f1ola en investigaci\u00f3n e innovaci\u00f3n y enfatiz\u00f3 su contribuci\u00f3n a fortalecer las capacidades de las Comunidades Aut\u00f3nomas que comparten objetivos. Concluy\u00f3 resaltando que el an\u00e1lisis de los resultados del Plan Complementario en Biotecnolog\u00eda Aplicada a la Salud nos proporcionar\u00e1 orientaci\u00f3n para el futuro, con el fin de harmonizar iniciativas como esta y optimizar la colaboraci\u00f3n entre comunidades aut\u00f3nomas en el \u00e1mbito de la biomedicina.<\/p>\n\n\n\n<div class=\"wp-block-columns is-layout-flex wp-container-core-columns-is-layout-28f84493 wp-block-columns-is-layout-flex\">\n<div class=\"wp-block-column is-layout-flow wp-block-column-is-layout-flow\">\n<figure class=\"wp-block-image size-large\"><img decoding=\"async\" width=\"1024\" height=\"575\" src=\"https:\/\/planescomplementariossalud.es\/wp-content\/uploads\/2024\/03\/gayoso-1024x575.jpg\" alt=\"\" class=\"wp-image-10137\" srcset=\"https:\/\/planescomplementariossalud.es\/wp-content\/uploads\/2024\/03\/gayoso-1024x575.jpg 1024w, https:\/\/planescomplementariossalud.es\/wp-content\/uploads\/2024\/03\/gayoso-300x169.jpg 300w, https:\/\/planescomplementariossalud.es\/wp-content\/uploads\/2024\/03\/gayoso-768x432.jpg 768w, https:\/\/planescomplementariossalud.es\/wp-content\/uploads\/2024\/03\/gayoso-1536x863.jpg 1536w, https:\/\/planescomplementariossalud.es\/wp-content\/uploads\/2024\/03\/gayoso.jpg 2000w\" sizes=\"(max-width: 1024px) 100vw, 1024px\" \/><figcaption class=\"wp-element-caption\">M\u00aa Pilar Gayoso durante su intervenci\u00f3n sobre las claves de la financiaci\u00f3n p\u00fablica espa\u00f1ola en investigaci\u00f3n e innovaci\u00f3n<\/figcaption><\/figure>\n<\/div>\n<\/div>\n\n\n\n<p>As\u00ed pues, nuestra participaci\u00f3n en Transfiere 2024 nos ha permitido presentar varios proyectos del Plan Complementario de Biotecnolog\u00eda. Adem\u00e1s, hemos tenido la oportunidad de compartir no \u00fanicamente los objetivos de nuestro Plan, sino tambi\u00e9n transmitir los avances concretos y las innovaciones en el \u00e1mbito de la biotecnolog\u00eda aplicada a la medicina de precisi\u00f3n y la salud.<\/p>\n","protected":false},"excerpt":{"rendered":"<p>El Plan Complementario de Biotecnolog\u00eda ha participado esta semana en Transfiere 2024, un foro de gran importancia en la transferencia del conocimiento y la innovaci\u00f3n. Las Comunidades Aut\u00f3nomas de Extremadura, Arag\u00f3n y Galicia han asistido como expositores, enfocadas en promover las \u00faltimas innovaciones en el \u00e1mbito de la medicina y la salud. Del 20 al &hellip;<\/p>\n<p class=\"read-more\"> <a class=\"\" href=\"https:\/\/planescomplementariossalud.es\/en\/el-plan-complementario-de-biotecnologia-presente-en-transfiere-2024-foro-europeo-para-la-ciencia-tecnologia-e-innovacion\/\"> <span class=\"screen-reader-text\">El Plan Complementario de Biotecnolog\u00eda presente en Transfiere 2024, Foro Europeo para la Ciencia, Tecnolog\u00eda e Innovaci\u00f3n<\/span> Read More &raquo;<\/a><\/p>\n","protected":false},"author":15,"featured_media":10082,"comment_status":"closed","ping_status":"closed","sticky":false,"template":"","format":"standard","meta":{"site-sidebar-layout":"default","site-content-layout":"","ast-site-content-layout":"default","site-content-style":"default","site-sidebar-style":"default","ast-global-header-display":"","ast-banner-title-visibility":"","ast-main-header-display":"","ast-hfb-above-header-display":"","ast-hfb-below-header-display":"","ast-hfb-mobile-header-display":"","site-post-title":"","ast-breadcrumbs-content":"","ast-featured-img":"","footer-sml-layout":"","theme-transparent-header-meta":"","adv-header-id-meta":"","stick-header-meta":"","header-above-stick-meta":"","header-main-stick-meta":"","header-below-stick-meta":"","astra-migrate-meta-layouts":"","ast-page-background-enabled":"default","ast-page-background-meta":{"desktop":{"background-color":"var(--ast-global-color-4)","background-image":"","background-repeat":"repeat","background-position":"center center","background-size":"auto","background-attachment":"scroll","background-type":"","background-media":"","overlay-type":"","overlay-color":"","overlay-gradient":""},"tablet":{"background-color":"","background-image":"","background-repeat":"repeat","background-position":"center center","background-size":"auto","background-attachment":"scroll","background-type":"","background-media":"","overlay-type":"","overlay-color":"","overlay-gradient":""},"mobile":{"background-color":"","background-image":"","background-repeat":"repeat","background-position":"center center","background-size":"auto","background-attachment":"scroll","background-type":"","background-media":"","overlay-type":"","overlay-color":"","overlay-gradient":""}},"ast-content-background-meta":{"desktop":{"background-color":"var(--ast-global-color-5)","background-image":"","background-repeat":"repeat","background-position":"center center","background-size":"auto","background-attachment":"scroll","background-type":"","background-media":"","overlay-type":"","overlay-color":"","overlay-gradient":""},"tablet":{"background-color":"var(--ast-global-color-5)","background-image":"","background-repeat":"repeat","background-position":"center center","background-size":"auto","background-attachment":"scroll","background-type":"","background-media":"","overlay-type":"","overlay-color":"","overlay-gradient":""},"mobile":{"background-color":"var(--ast-global-color-5)","background-image":"","background-repeat":"repeat","background-position":"center center","background-size":"auto","background-attachment":"scroll","background-type":"","background-media":"","overlay-type":"","overlay-color":"","overlay-gradient":""}},"footnotes":""},"categories":[157],"tags":[268,191,183],"class_list":["post-10089","post","type-post","status-publish","format-standard","has-post-thumbnail","hentry","category-noticias-en","tag-aragon-en","tag-extremadura-en","tag-galicia-en"],"_links":{"self":[{"href":"https:\/\/planescomplementariossalud.es\/en\/wp-json\/wp\/v2\/posts\/10089","targetHints":{"allow":["GET"]}}],"collection":[{"href":"https:\/\/planescomplementariossalud.es\/en\/wp-json\/wp\/v2\/posts"}],"about":[{"href":"https:\/\/planescomplementariossalud.es\/en\/wp-json\/wp\/v2\/types\/post"}],"author":[{"embeddable":true,"href":"https:\/\/planescomplementariossalud.es\/en\/wp-json\/wp\/v2\/users\/15"}],"replies":[{"embeddable":true,"href":"https:\/\/planescomplementariossalud.es\/en\/wp-json\/wp\/v2\/comments?post=10089"}],"version-history":[{"count":17,"href":"https:\/\/planescomplementariossalud.es\/en\/wp-json\/wp\/v2\/posts\/10089\/revisions"}],"predecessor-version":[{"id":10195,"href":"https:\/\/planescomplementariossalud.es\/en\/wp-json\/wp\/v2\/posts\/10089\/revisions\/10195"}],"wp:featuredmedia":[{"embeddable":true,"href":"https:\/\/planescomplementariossalud.es\/en\/wp-json\/wp\/v2\/media\/10082"}],"wp:attachment":[{"href":"https:\/\/planescomplementariossalud.es\/en\/wp-json\/wp\/v2\/media?parent=10089"}],"wp:term":[{"taxonomy":"category","embeddable":true,"href":"https:\/\/planescomplementariossalud.es\/en\/wp-json\/wp\/v2\/categories?post=10089"},{"taxonomy":"post_tag","embeddable":true,"href":"https:\/\/planescomplementariossalud.es\/en\/wp-json\/wp\/v2\/tags?post=10089"}],"curies":[{"name":"wp","href":"https:\/\/api.w.org\/{rel}","templated":true}]}}