{"id":4949,"date":"2023-09-21T13:50:19","date_gmt":"2023-09-21T13:50:19","guid":{"rendered":"https:\/\/planescomplementariossalud.es\/?p=4949"},"modified":"2023-11-23T13:17:42","modified_gmt":"2023-11-23T13:17:42","slug":"reunion-de-socios-extremenos-en-el-marco-del-plan-complementario-de-biotecnologia-aplicado-a-la-salud-en-extremadura","status":"publish","type":"post","link":"https:\/\/planescomplementariossalud.es\/ca\/reunion-de-socios-extremenos-en-el-marco-del-plan-complementario-de-biotecnologia-aplicado-a-la-salud-en-extremadura\/","title":{"rendered":"Reuni\u00f3n de socios extreme\u00f1os en el marco del Plan Complementario de Biotecnolog\u00eda aplicado a la salud en Extremadura"},"content":{"rendered":"\n<div class=\"wp-block-columns is-layout-flex wp-container-core-columns-is-layout-28f84493 wp-block-columns-is-layout-flex\">\n<div class=\"wp-block-column is-layout-flow wp-block-column-is-layout-flow\">\n<figure class=\"wp-block-image aligncenter size-large is-resized\"><img fetchpriority=\"high\" decoding=\"async\" src=\"https:\/\/planescomplementariossalud.es\/wp-content\/uploads\/2023\/09\/DSC00182-1024x684.jpg\" alt=\"\" class=\"wp-image-4943\" width=\"747\" height=\"498\" srcset=\"https:\/\/planescomplementariossalud.es\/wp-content\/uploads\/2023\/09\/DSC00182-1024x684.jpg 1024w, https:\/\/planescomplementariossalud.es\/wp-content\/uploads\/2023\/09\/DSC00182-300x200.jpg 300w, https:\/\/planescomplementariossalud.es\/wp-content\/uploads\/2023\/09\/DSC00182-768x513.jpg 768w, https:\/\/planescomplementariossalud.es\/wp-content\/uploads\/2023\/09\/DSC00182-1536x1026.jpg 1536w, https:\/\/planescomplementariossalud.es\/wp-content\/uploads\/2023\/09\/DSC00182-2048x1368.jpg 2048w\" sizes=\"(max-width: 747px) 100vw, 747px\" \/><\/figure>\n<\/div>\n<\/div>\n\n\n\n<p>El pasado 18 de septiembre tuvo lugar en las instalaciones del Centro de Cirug\u00eda de M\u00ednima Invasi\u00f3n Jes\u00fas Us\u00f3n una reuni\u00f3n de los socios del Plan Complementario de Biotecnolog\u00eda aplicado a la salud en Extremadura, en la que participaron Juan A. S\u00e1nchez, Coordinador del Comit\u00e9 T\u00e9cnico de la L\u00ednea 6, por parte de la entidad anfitriona, Pedro N\u00fa\u00f1ez en representaci\u00f3n de la Universidad de Extremadura, Juan M. Murillo y Javier Corral en representaci\u00f3n de la Fundaci\u00f3n Computaci\u00f3n y Tecnolog\u00edas Avanzadas de Extremadura (Cenits-Computaex) y Ver\u00f3nica Mart\u00edn y Carla Venturi por parte de la Fundaci\u00f3n para la Formaci\u00f3n e Investigaci\u00f3n de los Profesionales de la Salud (Fundesalud).<br><br>En dicha reuni\u00f3n se han tratado los trabajos colaborativos desarrollados en Extremadura a lo largo del proyecto para las L\u00edneas de Actuaci\u00f3n 1. Plataforma BREM de criomicroscop\u00eda electr\u00f3nica aplicada a la medicina personalizada, 2. Implementaci\u00f3n y an\u00e1lisis de bases de datos en medicina de precisi\u00f3n y 6. T\u00e9cnicas y procesos para terapias avanzadas y dirigidas, formaci\u00f3n quir\u00fargica y rob\u00f3tica m\u00e9dica. Se han abordado \u00a0los pr\u00f3ximos avances, se ha hecho seguimiento del presupuesto y se han recordado las directrices para la adecuada difusi\u00f3n y publicidad del proyecto, adem\u00e1s de marcar una agenda para los pr\u00f3ximos encuentros.<br><br>Cabe recordar que el objetivo general del Plan es el desarrollo de herramientas para diagn\u00f3stico, pron\u00f3stico y terapias avanzadas, o dirigidas, en medicina personalizada, que consta de 6 l\u00edneas de actuaci\u00f3n y que est\u00e1 formado por un consorcio que aglutina a siete comunidades aut\u00f3nomas, entre ellas Extremadura, encabezada por el coordinador del comit\u00e9 cient\u00edfico estatal, el Dr. Francisco Miguel S\u00e1nchez Margallo.<br><br>El Plan Complementario de Biotecnolog\u00eda aplicado a la salud en Extremadura ha sido cofinanciado por el Ministerio de Ciencia e Innovaci\u00f3n con fondos de la Uni\u00f3n Europea NextGenerationEU (PRTR-C17.I1) y la Comunidad Aut\u00f3noma de Extremadura en el marco del Plan de Recuperaci\u00f3n Transformaci\u00f3n y Resiliencia (PRTR)\u00a0 y con fondos de la Uni\u00f3n Europea en el marco del Programa Operativo FEDER Extremadura 2021-2027.<br><br><br><em>Acceda en <a href=\"https:\/\/www.ccmijesususon.com\/reunion-de-socios-extremenos-en-el-marco-del-plan-complementario-de-biotecnologia-aplicado-a-la-salud-en-extremadura\/\">este enlace<\/a> al art\u00edculo original publicado en la p\u00e1gina web del CCMIJU.<\/em><\/p>\n","protected":false},"excerpt":{"rendered":"<p>El pasado 18 de septiembre tuvo lugar en las instalaciones del Centro de Cirug\u00eda de M\u00ednima Invasi\u00f3n Jes\u00fas Us\u00f3n una reuni\u00f3n de los socios del Plan Complementario de Biotecnolog\u00eda aplicado a la salud en Extremadura, en la que participaron Juan A. S\u00e1nchez, Coordinador del Comit\u00e9 T\u00e9cnico de la L\u00ednea 6, por parte de la entidad &hellip;<\/p>\n<p class=\"read-more\"> <a class=\"\" href=\"https:\/\/planescomplementariossalud.es\/ca\/reunion-de-socios-extremenos-en-el-marco-del-plan-complementario-de-biotecnologia-aplicado-a-la-salud-en-extremadura\/\"> <span class=\"screen-reader-text\">Reuni\u00f3n de socios extreme\u00f1os en el marco del Plan Complementario de Biotecnolog\u00eda aplicado a la salud en Extremadura<\/span> Llegeix m\u00e9s &raquo;<\/a><\/p>\n","protected":false},"author":3,"featured_media":4945,"comment_status":"closed","ping_status":"closed","sticky":false,"template":"","format":"standard","meta":{"site-sidebar-layout":"default","site-content-layout":"","ast-site-content-layout":"","site-content-style":"default","site-sidebar-style":"default","ast-global-header-display":"","ast-banner-title-visibility":"","ast-main-header-display":"","ast-hfb-above-header-display":"","ast-hfb-below-header-display":"","ast-hfb-mobile-header-display":"","site-post-title":"","ast-breadcrumbs-content":"","ast-featured-img":"","footer-sml-layout":"","theme-transparent-header-meta":"","adv-header-id-meta":"","stick-header-meta":"","header-above-stick-meta":"","header-main-stick-meta":"","header-below-stick-meta":"","astra-migrate-meta-layouts":"","ast-page-background-enabled":"default","ast-page-background-meta":{"desktop":{"background-color":"var(--ast-global-color-4)","background-image":"","background-repeat":"repeat","background-position":"center center","background-size":"auto","background-attachment":"scroll","background-type":"","background-media":"","overlay-type":"","overlay-color":"","overlay-gradient":""},"tablet":{"background-color":"","background-image":"","background-repeat":"repeat","background-position":"center center","background-size":"auto","background-attachment":"scroll","background-type":"","background-media":"","overlay-type":"","overlay-color":"","overlay-gradient":""},"mobile":{"background-color":"","background-image":"","background-repeat":"repeat","background-position":"center center","background-size":"auto","background-attachment":"scroll","background-type":"","background-media":"","overlay-type":"","overlay-color":"","overlay-gradient":""}},"ast-content-background-meta":{"desktop":{"background-color":"var(--ast-global-color-5)","background-image":"","background-repeat":"repeat","background-position":"center center","background-size":"auto","background-attachment":"scroll","background-type":"","background-media":"","overlay-type":"","overlay-color":"","overlay-gradient":""},"tablet":{"background-color":"var(--ast-global-color-5)","background-image":"","background-repeat":"repeat","background-position":"center center","background-size":"auto","background-attachment":"scroll","background-type":"","background-media":"","overlay-type":"","overlay-color":"","overlay-gradient":""},"mobile":{"background-color":"var(--ast-global-color-5)","background-image":"","background-repeat":"repeat","background-position":"center center","background-size":"auto","background-attachment":"scroll","background-type":"","background-media":"","overlay-type":"","overlay-color":"","overlay-gradient":""}},"footnotes":""},"categories":[75],"tags":[125],"class_list":["post-4949","post","type-post","status-publish","format-standard","has-post-thumbnail","hentry","category-actualidad-ca","tag-extremadura-ca"],"_links":{"self":[{"href":"https:\/\/planescomplementariossalud.es\/ca\/wp-json\/wp\/v2\/posts\/4949","targetHints":{"allow":["GET"]}}],"collection":[{"href":"https:\/\/planescomplementariossalud.es\/ca\/wp-json\/wp\/v2\/posts"}],"about":[{"href":"https:\/\/planescomplementariossalud.es\/ca\/wp-json\/wp\/v2\/types\/post"}],"author":[{"embeddable":true,"href":"https:\/\/planescomplementariossalud.es\/ca\/wp-json\/wp\/v2\/users\/3"}],"replies":[{"embeddable":true,"href":"https:\/\/planescomplementariossalud.es\/ca\/wp-json\/wp\/v2\/comments?post=4949"}],"version-history":[{"count":1,"href":"https:\/\/planescomplementariossalud.es\/ca\/wp-json\/wp\/v2\/posts\/4949\/revisions"}],"predecessor-version":[{"id":4953,"href":"https:\/\/planescomplementariossalud.es\/ca\/wp-json\/wp\/v2\/posts\/4949\/revisions\/4953"}],"wp:featuredmedia":[{"embeddable":true,"href":"https:\/\/planescomplementariossalud.es\/ca\/wp-json\/wp\/v2\/media\/4945"}],"wp:attachment":[{"href":"https:\/\/planescomplementariossalud.es\/ca\/wp-json\/wp\/v2\/media?parent=4949"}],"wp:term":[{"taxonomy":"category","embeddable":true,"href":"https:\/\/planescomplementariossalud.es\/ca\/wp-json\/wp\/v2\/categories?post=4949"},{"taxonomy":"post_tag","embeddable":true,"href":"https:\/\/planescomplementariossalud.es\/ca\/wp-json\/wp\/v2\/tags?post=4949"}],"curies":[{"name":"wp","href":"https:\/\/api.w.org\/{rel}","templated":true}]}}