{"id":3363,"date":"2022-12-02T14:21:10","date_gmt":"2022-12-02T14:21:10","guid":{"rendered":"https:\/\/planescomplementariossalud.es\/seleccionado-personal-para-el-plan-complementario-de-biotecnologia-aplicada-a-la-salud-en-extremadura\/"},"modified":"2023-11-27T11:16:39","modified_gmt":"2023-11-27T11:16:39","slug":"seleccionado-personal-para-el-plan-complementario-de-biotecnologia-aplicada-a-la-salud-en-extremadura","status":"publish","type":"post","link":"https:\/\/planescomplementariossalud.es\/ca\/seleccionado-personal-para-el-plan-complementario-de-biotecnologia-aplicada-a-la-salud-en-extremadura\/","title":{"rendered":"Seleccionado personal para el Plan Complementario de Biotecnolog\u00eda Aplicada a la Salud en Extremadura"},"content":{"rendered":"\n<p>Publicadas las listas de personal seleccionado en Extremadura dentro del Plan de Recuperaci\u00f3n, Transformaci\u00f3n y Resiliencia, componente 17: \u00abReforma institucional y fortalecimiento de las capacidades del sistema nacional de ciencia, tecnolog\u00eda e innovaci\u00f3n\u00bb. Plan complementario del Programa Biotecnolog\u00eda aplicada a la Salud del Ministerio de Ciencia e Innovaci\u00f3n.<\/p>\n\n\n\n<figure class=\"wp-block-image aligncenter size-full is-resized\"><img fetchpriority=\"high\" decoding=\"async\" src=\"https:\/\/planescomplementariossalud.es\/wp-content\/uploads\/2022\/12\/ccmiju.jpg\" alt=\"\" class=\"wp-image-2400\" width=\"526\" height=\"351\" srcset=\"https:\/\/planescomplementariossalud.es\/wp-content\/uploads\/2022\/12\/ccmiju.jpg 430w, https:\/\/planescomplementariossalud.es\/wp-content\/uploads\/2022\/12\/ccmiju-300x200.jpg 300w\" sizes=\"(max-width: 526px) 100vw, 526px\" \/><\/figure>\n\n\n\n<p>Consulta toda la informaci\u00f3n en los enlaces abajo:<\/p>\n\n\n\n<p>Puestos para tres Investigadores Senior y para cuatro T\u00e9cnicos de Investigaci\u00f3n: <a href=\"https:\/\/www.ccmijesususon.com\/empleo-ayuda\/ref2022_03_3a7\/\">enlace<\/a><\/p>\n\n\n\n<p>Puestos de T\u00e9cnico Gesti\u00f3n I+D+i y Auxiliar Administrativo \u00c1rea Jur\u00eddica: <a href=\"https:\/\/www.ccmijesususon.com\/empleo-ayuda\/ref2022_03_01_y_ref2022_03_02\/\">enlace<\/a><\/p>\n","protected":false},"excerpt":{"rendered":"<p>Publicadas las listas de personal seleccionado en Extremadura dentro del Plan de Recuperaci\u00f3n, Transformaci\u00f3n y Resiliencia, componente 17: \u00abReforma institucional y fortalecimiento de las capacidades del sistema nacional de ciencia, tecnolog\u00eda e innovaci\u00f3n\u00bb. Plan complementario del Programa Biotecnolog\u00eda aplicada a la Salud del Ministerio de Ciencia e Innovaci\u00f3n. Consulta toda la informaci\u00f3n en los enlaces &hellip;<\/p>\n<p class=\"read-more\"> <a class=\"\" href=\"https:\/\/planescomplementariossalud.es\/ca\/seleccionado-personal-para-el-plan-complementario-de-biotecnologia-aplicada-a-la-salud-en-extremadura\/\"> <span class=\"screen-reader-text\">Seleccionado personal para el Plan Complementario de Biotecnolog\u00eda Aplicada a la Salud en Extremadura<\/span> Llegeix m\u00e9s &raquo;<\/a><\/p>\n","protected":false},"author":3,"featured_media":2896,"comment_status":"closed","ping_status":"open","sticky":false,"template":"","format":"standard","meta":{"site-sidebar-layout":"default","site-content-layout":"","ast-site-content-layout":"","site-content-style":"default","site-sidebar-style":"default","ast-global-header-display":"","ast-banner-title-visibility":"","ast-main-header-display":"","ast-hfb-above-header-display":"","ast-hfb-below-header-display":"","ast-hfb-mobile-header-display":"","site-post-title":"","ast-breadcrumbs-content":"","ast-featured-img":"","footer-sml-layout":"","theme-transparent-header-meta":"","adv-header-id-meta":"","stick-header-meta":"","header-above-stick-meta":"","header-main-stick-meta":"","header-below-stick-meta":"","astra-migrate-meta-layouts":"","ast-page-background-enabled":"default","ast-page-background-meta":{"desktop":{"background-color":"var(--ast-global-color-4)","background-image":"","background-repeat":"repeat","background-position":"center center","background-size":"auto","background-attachment":"scroll","background-type":"","background-media":"","overlay-type":"","overlay-color":"","overlay-gradient":""},"tablet":{"background-color":"","background-image":"","background-repeat":"repeat","background-position":"center center","background-size":"auto","background-attachment":"scroll","background-type":"","background-media":"","overlay-type":"","overlay-color":"","overlay-gradient":""},"mobile":{"background-color":"","background-image":"","background-repeat":"repeat","background-position":"center center","background-size":"auto","background-attachment":"scroll","background-type":"","background-media":"","overlay-type":"","overlay-color":"","overlay-gradient":""}},"ast-content-background-meta":{"desktop":{"background-color":"var(--ast-global-color-5)","background-image":"","background-repeat":"repeat","background-position":"center center","background-size":"auto","background-attachment":"scroll","background-type":"","background-media":"","overlay-type":"","overlay-color":"","overlay-gradient":""},"tablet":{"background-color":"var(--ast-global-color-5)","background-image":"","background-repeat":"repeat","background-position":"center center","background-size":"auto","background-attachment":"scroll","background-type":"","background-media":"","overlay-type":"","overlay-color":"","overlay-gradient":""},"mobile":{"background-color":"var(--ast-global-color-5)","background-image":"","background-repeat":"repeat","background-position":"center center","background-size":"auto","background-attachment":"scroll","background-type":"","background-media":"","overlay-type":"","overlay-color":"","overlay-gradient":""}},"footnotes":""},"categories":[82],"tags":[125],"class_list":["post-3363","post","type-post","status-publish","format-standard","has-post-thumbnail","hentry","category-empleo-ca","tag-extremadura-ca"],"_links":{"self":[{"href":"https:\/\/planescomplementariossalud.es\/ca\/wp-json\/wp\/v2\/posts\/3363","targetHints":{"allow":["GET"]}}],"collection":[{"href":"https:\/\/planescomplementariossalud.es\/ca\/wp-json\/wp\/v2\/posts"}],"about":[{"href":"https:\/\/planescomplementariossalud.es\/ca\/wp-json\/wp\/v2\/types\/post"}],"author":[{"embeddable":true,"href":"https:\/\/planescomplementariossalud.es\/ca\/wp-json\/wp\/v2\/users\/3"}],"replies":[{"embeddable":true,"href":"https:\/\/planescomplementariossalud.es\/ca\/wp-json\/wp\/v2\/comments?post=3363"}],"version-history":[{"count":1,"href":"https:\/\/planescomplementariossalud.es\/ca\/wp-json\/wp\/v2\/posts\/3363\/revisions"}],"predecessor-version":[{"id":3366,"href":"https:\/\/planescomplementariossalud.es\/ca\/wp-json\/wp\/v2\/posts\/3363\/revisions\/3366"}],"wp:featuredmedia":[{"embeddable":true,"href":"https:\/\/planescomplementariossalud.es\/ca\/wp-json\/wp\/v2\/media\/2896"}],"wp:attachment":[{"href":"https:\/\/planescomplementariossalud.es\/ca\/wp-json\/wp\/v2\/media?parent=3363"}],"wp:term":[{"taxonomy":"category","embeddable":true,"href":"https:\/\/planescomplementariossalud.es\/ca\/wp-json\/wp\/v2\/categories?post=3363"},{"taxonomy":"post_tag","embeddable":true,"href":"https:\/\/planescomplementariossalud.es\/ca\/wp-json\/wp\/v2\/tags?post=3363"}],"curies":[{"name":"wp","href":"https:\/\/api.w.org\/{rel}","templated":true}]}}