{"id":3278,"date":"2022-09-23T12:15:01","date_gmt":"2022-09-23T12:15:01","guid":{"rendered":"https:\/\/planescomplementariossalud.es\/galicia-biodays-dedica-una-mesa-redonda-al-plan-complementario-de-biotecnologia-aplicada-a-salud\/"},"modified":"2023-11-27T11:26:21","modified_gmt":"2023-11-27T11:26:21","slug":"galicia-biodays-dedica-una-mesa-redonda-al-plan-complementario-de-biotecnologia-aplicada-a-salud","status":"publish","type":"post","link":"https:\/\/planescomplementariossalud.es\/ca\/galicia-biodays-dedica-una-mesa-redonda-al-plan-complementario-de-biotecnologia-aplicada-a-salud\/","title":{"rendered":"Galicia Biodays dedica una mesa redonda al Plan Complementario de Biotecnolog\u00eda aplicada a salud"},"content":{"rendered":"\t\t<div data-elementor-type=\"wp-post\" data-elementor-id=\"3278\" class=\"elementor elementor-3278 elementor-2111\" data-elementor-post-type=\"post\">\n\t\t\t\t\t\t<section class=\"elementor-section elementor-top-section elementor-element elementor-element-5ea8baa8 elementor-section-boxed elementor-section-height-default elementor-section-height-default\" data-id=\"5ea8baa8\" data-element_type=\"section\" data-e-type=\"section\">\n\t\t\t\t\t\t<div class=\"elementor-container elementor-column-gap-default\">\n\t\t\t\t\t<div class=\"elementor-column elementor-col-100 elementor-top-column elementor-element elementor-element-675a24b3\" data-id=\"675a24b3\" data-element_type=\"column\" data-e-type=\"column\">\n\t\t\t<div class=\"elementor-widget-wrap elementor-element-populated\">\n\t\t\t\t\t\t<div class=\"elementor-element elementor-element-4cf74ad3 elementor-widget elementor-widget-text-editor\" data-id=\"4cf74ad3\" data-element_type=\"widget\" data-e-type=\"widget\" data-widget_type=\"text-editor.default\">\n\t\t\t\t<div class=\"elementor-widget-container\">\n\t\t\t\t\t\t\t\t\t\n<p><strong>Galicia Biodays es un evento de referencia que busca establecer contactos y sinergias entre la industria biotecnol\u00f3gica y de ciencias de la vida, potenciando la creaci\u00f3n de negocio y el desarrollo de nuevos proyectos. En este contexto, el Plan Complementario de Biotecnolog\u00eda aplicada a salud ha tenido un papel destacado y se ha presentado en una mesa redonda.<\/strong><\/p>\n\n<p>A Coru\u00f1a recibe el Galicia Biodays 2022 (22 y 23 de septiembre), y se transforma en un punto de encuentro entre diferentes entidades privadas, inversores y centros de investigaci\u00f3n con el objetivo de generar negocio, desarrollar nuevos proyectos\u00a0y poner en contacto inversores y clientes. El evento que se ha consolidado como un foro entre biorregiones internacionales de referencia en el \u00e1mbito de la biotecnolog\u00eda y de las ciencias de la vida\u00a0en el Espacio Atl\u00e1ntico Europeo, y proporciona un escenario perfecto para establecer\u00a0nuevos contactos y sinergias. A trav\u00e9s de actividades dirigidas a la transferencia de conocimiento, como <em>networking<\/em>, <em>partnering one to one<\/em>, lonja de inversores, talleres y mesas redondas, busca el intercambio de buenas pr\u00e1cticas y el establecimiento de colaboraciones con los <em>stakeholders<\/em> y entidades referentes de cada biorregi\u00f3n. Este a\u00f1o, el Galicia Biodays ha contado con la participaci\u00f3n de cuatro biorregiones internacionales: Brasil, Francia, Reino Unido y EEUU.<\/p>\n\n<p>En este contexto, el <a href=\"https:\/\/planescomplementariossalud.es\/\">Plan Complementario de Biotecnolog\u00eda Aplicada a la Salud<\/a>, que se enmarca en el Plan de Recuperaci\u00f3n, Transformaci\u00f3n y Resiliencia estatal, tuvo una participaci\u00f3n destacada. Josep Samitier y Mabel Loza, respectivamente coordinadores estatales y de Galicia, presentaron ayer la mesa redonda \u201cRetos de colaboraci\u00f3n en el Plan Complementario de Biotecnolog\u00eda Aplicada a la Salud\u201d, donde trataron aspectos sobre gesti\u00f3n de este tipo de proyectos colaborativos, la aplicaci\u00f3n de nuevas tecnolog\u00edas dentro de la industria biotecnol\u00f3gica y su potencial para beneficiar el conjunto de la sociedad.<\/p>\n\n<p>Durante la mesa redonda, Samitier y Loza explicaron los detalles del Plan Complementario de Biotecnolog\u00eda Aplicada a la Salud, cofinanciado por el Ministerio de Ciencia e Innovaci\u00f3n y las diferentes comunidades aut\u00f3nomas participantes, y coordinado a nivel estatal por el <a href=\"https:\/\/ibecbarcelona.eu\/\">Instituto de Bioingenier\u00eda de Catalu\u00f1a (IBEC)<\/a>. El objetivo del plan es buscar la integraci\u00f3n y adopci\u00f3n de las nuevas tecnolog\u00edas, tales como inteligencia artificial, supercomputaci\u00f3n, rob\u00f3tica y bioingenier\u00eda, en la industria biotecnol\u00f3gica, y abordar la salud y las enfermedades desde una nueva perspectiva dirigida a la medicina personalizada.<\/p>\n\n<p>Con un presupuesto de 37 millones de euros, este Plan Complementario representa la mayor colaboraci\u00f3n interregional de medicina personalizada y es uno de los consorcios m\u00e1s m\u00e1s grandes y mejor dotados econ\u00f3micamente de la historia de Espa\u00f1a. Desde la Comunidad Aut\u00f3noma de Galicia, este proyecto est\u00e1 coordinado por la <a href=\"http:\/\/kaertorfoundation.org\/\">Fundaci\u00f3n K\u00e6rtor<\/a>. Cuenta con financiaci\u00f3n de la Xunta de Galicia y participan 6 entidades, las tres Universidades p\u00fablicas (USC, UDC y UVIGO) y los tres centros de investigaciones sanitarias (IDIS, INIBIC y IISGS).<\/p>\n\n<figure class=\"wp-block-image size-full\"><img fetchpriority=\"high\" decoding=\"async\" width=\"1024\" height=\"768\" class=\"wp-image-2112\" src=\"https:\/\/planescomplementariossalud.es\/wp-content\/uploads\/2022\/09\/WhatsApp-Image-2022-09-22-at-19.03.28_BUENA.jpeg\" alt=\"\" srcset=\"https:\/\/planescomplementariossalud.es\/wp-content\/uploads\/2022\/09\/WhatsApp-Image-2022-09-22-at-19.03.28_BUENA.jpeg 1024w, https:\/\/planescomplementariossalud.es\/wp-content\/uploads\/2022\/09\/WhatsApp-Image-2022-09-22-at-19.03.28_BUENA-300x225.jpeg 300w, https:\/\/planescomplementariossalud.es\/wp-content\/uploads\/2022\/09\/WhatsApp-Image-2022-09-22-at-19.03.28_BUENA-768x576.jpeg 768w\" sizes=\"(max-width: 1024px) 100vw, 1024px\" \/><\/figure>\n\n<h6>De izquierda a derecha: Jos\u00e9 Manuel Brea, director de automatizaci\u00f3n de la plataforma Innopharma; Carlos Dieguez, director del centro singular de investigaci\u00f3n de la USC CiMUS y coordinador en Galicia de la l\u00ednea de actuaci\u00f3n 4; Josep Samitier, director del IBEC y coordinador estatal del Plan Complementario de Biotecnolog\u00eda Aplicada a la Salud; Mabel Loza, catedr\u00e1tica de farmacolog\u00eda en la USC y \u00a0coordinadora del Plan Complementario de Biotecnolog\u00eda Aplicada a la Salud en Galicia; y Esther L\u00f3pez, responsable de la Unidad de Terapia Celular del CCMIJU (Extremadura), participante en la l\u00ednea de actuaci\u00f3n 3.<\/h6>\n<h6>\u00a0<\/h6>\n\n<p>Al finalizar la mesa redonda, Josep Samitier y Mabel Loza tuvieron la oportunidad de visitar la <a href=\"https:\/\/www.usc.gal\/es\/investigacion\/riaidt\/usef\/index.html\">plataforma de screening Innopharma<\/a>, gestionada por <a href=\"https:\/\/www.usc.es\/cimus\/es\">CiMUS\/USC<\/a>, de la mano de su director de automatizaci\u00f3n, Jos\u00e9 Manuel Brea. \u00a0Esta plataforma es un referente en Europa en el testeo y descubrimiento de nuevos f\u00e1rmacos, siendo uno de los siete nodos de alta capacidad del <a href=\"https:\/\/www.eu-openscreen.eu\/\">European Research Infrastructure Consortium (ERIC) EU-OPENSCREEN<\/a>. Innopharma ofrece una amplia gama de servicios y prestaciones que cubren todas las etapas del proceso de descubrimiento de nuevos f\u00e1rmacos, desde la identificaci\u00f3n temprana de dianas hasta las pruebas de seguridad y toxicidad.<\/p>\n\n<p>\u00a0<\/p>\n\n<p><em>Galicia Biodays es un evento organizado por:<\/em><\/p>\n\n<p><a href=\"https:\/\/www.xunta.gal\/portada\">La Xunta de Galicia<\/a><\/p>\n\n<p><a href=\"https:\/\/www.bioga.org\/\">BIOGA (Cl\u00faster Tecnol\u00f3xico Empresarial das Ciencias da Vida de Galicia)<\/a><\/p>\n\n<p><a href=\"https:\/\/consejojacobeox21.es\/\">Xacobeo 21-22<\/a><\/p>\n\t\t\t\t\t\t\t\t<\/div>\n\t\t\t\t<\/div>\n\t\t\t\t\t<\/div>\n\t\t<\/div>\n\t\t\t\t\t<\/div>\n\t\t<\/section>\n\t\t\t\t<\/div>\n\t\t","protected":false},"excerpt":{"rendered":"<p>Galicia Biodays es un evento de referencia que busca establecer contactos y sinergias entre la industria biotecnol\u00f3gica y de ciencias de la vida, potenciando la creaci\u00f3n de negocio y el desarrollo de nuevos proyectos. En este contexto, el Plan Complementario de Biotecnolog\u00eda aplicada a salud ha tenido un papel destacado y se ha presentado en &hellip;<\/p>\n<p class=\"read-more\"> <a class=\"\" href=\"https:\/\/planescomplementariossalud.es\/ca\/galicia-biodays-dedica-una-mesa-redonda-al-plan-complementario-de-biotecnologia-aplicada-a-salud\/\"> <span class=\"screen-reader-text\">Galicia Biodays dedica una mesa redonda al Plan Complementario de Biotecnolog\u00eda aplicada a salud<\/span> Llegeix m\u00e9s &raquo;<\/a><\/p>\n","protected":false},"author":3,"featured_media":2770,"comment_status":"closed","ping_status":"open","sticky":false,"template":"","format":"standard","meta":{"site-sidebar-layout":"default","site-content-layout":"","ast-site-content-layout":"","site-content-style":"default","site-sidebar-style":"default","ast-global-header-display":"","ast-banner-title-visibility":"","ast-main-header-display":"","ast-hfb-above-header-display":"","ast-hfb-below-header-display":"","ast-hfb-mobile-header-display":"","site-post-title":"","ast-breadcrumbs-content":"","ast-featured-img":"","footer-sml-layout":"","theme-transparent-header-meta":"","adv-header-id-meta":"","stick-header-meta":"","header-above-stick-meta":"","header-main-stick-meta":"","header-below-stick-meta":"","astra-migrate-meta-layouts":"","ast-page-background-enabled":"default","ast-page-background-meta":{"desktop":{"background-color":"var(--ast-global-color-4)","background-image":"","background-repeat":"repeat","background-position":"center center","background-size":"auto","background-attachment":"scroll","background-type":"","background-media":"","overlay-type":"","overlay-color":"","overlay-gradient":""},"tablet":{"background-color":"","background-image":"","background-repeat":"repeat","background-position":"center center","background-size":"auto","background-attachment":"scroll","background-type":"","background-media":"","overlay-type":"","overlay-color":"","overlay-gradient":""},"mobile":{"background-color":"","background-image":"","background-repeat":"repeat","background-position":"center center","background-size":"auto","background-attachment":"scroll","background-type":"","background-media":"","overlay-type":"","overlay-color":"","overlay-gradient":""}},"ast-content-background-meta":{"desktop":{"background-color":"var(--ast-global-color-5)","background-image":"","background-repeat":"repeat","background-position":"center center","background-size":"auto","background-attachment":"scroll","background-type":"","background-media":"","overlay-type":"","overlay-color":"","overlay-gradient":""},"tablet":{"background-color":"var(--ast-global-color-5)","background-image":"","background-repeat":"repeat","background-position":"center center","background-size":"auto","background-attachment":"scroll","background-type":"","background-media":"","overlay-type":"","overlay-color":"","overlay-gradient":""},"mobile":{"background-color":"var(--ast-global-color-5)","background-image":"","background-repeat":"repeat","background-position":"center center","background-size":"auto","background-attachment":"scroll","background-type":"","background-media":"","overlay-type":"","overlay-color":"","overlay-gradient":""}},"footnotes":""},"categories":[75],"tags":[182],"class_list":["post-3278","post","type-post","status-publish","format-standard","has-post-thumbnail","hentry","category-actualidad-ca","tag-galicia-ca"],"_links":{"self":[{"href":"https:\/\/planescomplementariossalud.es\/ca\/wp-json\/wp\/v2\/posts\/3278","targetHints":{"allow":["GET"]}}],"collection":[{"href":"https:\/\/planescomplementariossalud.es\/ca\/wp-json\/wp\/v2\/posts"}],"about":[{"href":"https:\/\/planescomplementariossalud.es\/ca\/wp-json\/wp\/v2\/types\/post"}],"author":[{"embeddable":true,"href":"https:\/\/planescomplementariossalud.es\/ca\/wp-json\/wp\/v2\/users\/3"}],"replies":[{"embeddable":true,"href":"https:\/\/planescomplementariossalud.es\/ca\/wp-json\/wp\/v2\/comments?post=3278"}],"version-history":[{"count":1,"href":"https:\/\/planescomplementariossalud.es\/ca\/wp-json\/wp\/v2\/posts\/3278\/revisions"}],"predecessor-version":[{"id":3282,"href":"https:\/\/planescomplementariossalud.es\/ca\/wp-json\/wp\/v2\/posts\/3278\/revisions\/3282"}],"wp:featuredmedia":[{"embeddable":true,"href":"https:\/\/planescomplementariossalud.es\/ca\/wp-json\/wp\/v2\/media\/2770"}],"wp:attachment":[{"href":"https:\/\/planescomplementariossalud.es\/ca\/wp-json\/wp\/v2\/media?parent=3278"}],"wp:term":[{"taxonomy":"category","embeddable":true,"href":"https:\/\/planescomplementariossalud.es\/ca\/wp-json\/wp\/v2\/categories?post=3278"},{"taxonomy":"post_tag","embeddable":true,"href":"https:\/\/planescomplementariossalud.es\/ca\/wp-json\/wp\/v2\/tags?post=3278"}],"curies":[{"name":"wp","href":"https:\/\/api.w.org\/{rel}","templated":true}]}}