{"id":18987,"date":"2025-04-10T07:31:16","date_gmt":"2025-04-10T07:31:16","guid":{"rendered":"https:\/\/planescomplementariossalud.es\/?p=18987"},"modified":"2025-04-10T07:31:17","modified_gmt":"2025-04-10T07:31:17","slug":"andalucia-biotec-salud-participa-en-la-jornada-encuentros-2025-organizada-por-la-fundacion-medina-en-granada","status":"publish","type":"post","link":"https:\/\/planescomplementariossalud.es\/ca\/andalucia-biotec-salud-participa-en-la-jornada-encuentros-2025-organizada-por-la-fundacion-medina-en-granada\/","title":{"rendered":"ANDALUC\u00cdA BIOTEC SALUD PARTICIPA EN LA JORNADA &#8216;ENCUENTROS 2025&#8217; ORGANIZADA POR LA FUNDACI\u00d3N MEDINA EN GRANADA"},"content":{"rendered":"\n<p><strong>El Plan Complementario Andaluc\u00eda-Biotec Salud estuvo el pasada 21 de febrero en la jornada cient\u00edfica \u201cEncuentros 2025: CRISPR, Modelos Celulares Avanzados y m\u00e1s all\u00e1\u201d, un foro que reuni\u00f3 a expertos del \u00e1mbito biom\u00e9dico para debatir sobre los \u00faltimos avances en edici\u00f3n gen\u00e9tica, inteligencia artificial y descubrimiento de f\u00e1rmacos.<\/strong><\/p>\n\n\n\n<div class=\"wp-block-columns is-layout-flex wp-container-core-columns-is-layout-28f84493 wp-block-columns-is-layout-flex\">\n<div class=\"wp-block-column is-layout-flow wp-block-column-is-layout-flow\">\n<figure class=\"wp-block-image size-large\"><img fetchpriority=\"high\" decoding=\"async\" width=\"1024\" height=\"452\" src=\"https:\/\/planescomplementariossalud.es\/wp-content\/uploads\/2025\/04\/imagen-1024x452.png\" alt=\"\" class=\"wp-image-18981\" srcset=\"https:\/\/planescomplementariossalud.es\/wp-content\/uploads\/2025\/04\/imagen-1024x452.png 1024w, https:\/\/planescomplementariossalud.es\/wp-content\/uploads\/2025\/04\/imagen-300x132.png 300w, https:\/\/planescomplementariossalud.es\/wp-content\/uploads\/2025\/04\/imagen-768x339.png 768w, https:\/\/planescomplementariossalud.es\/wp-content\/uploads\/2025\/04\/imagen.png 1435w\" sizes=\"(max-width: 1024px) 100vw, 1024px\" \/><\/figure>\n<\/div>\n<\/div>\n\n\n\n<p><br>La Fundaci\u00f3n MEDINA, Centro de Excelencia en Investigaci\u00f3n de Medicamentos Innovadores en Andaluc\u00eda, celebr\u00f3 el pasado 21 de febrero la jornada cient\u00edfica <strong>\u201cEncuentros 2025:<\/strong> CRISPR, Modelos Celulares Avanzados y m\u00e1s all\u00e1: Navegando el Futuro del Descubrimiento Terap\u00e9utico\u201d, jornada que permiti\u00f3 reunir a profesionales expertos\u00a0 con el objetivo de fomentar el debate sobre los avances m\u00e1s recientes en edici\u00f3n gen\u00e9tica, modelos celulares y el uso de inteligencia artificial en el descubrimiento de f\u00e1rmacos. \u200b La jornada se desarroll\u00f3 en tres sesiones tem\u00e1ticas: Edici\u00f3n Gen\u00e9tica y screening, Modelos celulares avanzados y Avance en el campo del descubrimiento de f\u00e1rmacos.<\/p>\n\n\n\n<p>Durante esta jornada el <a href=\"https:\/\/planescomplementariossalud.es\/ca\/\">Plan Complementario de Biotecnolog\u00eda Aplicada a la Salud<\/a> en Andaluc\u00eda, <a href=\"https:\/\/andaluciabiotec.csic.es\">Andaluc\u00eda-Biotec Salud<\/a>, destac\u00f3 con la presentaci\u00f3n de dos de sus proyectos centrados en el desarrollo de biomodelos y transcript\u00f3mica espacial para aplicaciones biom\u00e9dicas, protagonizando as\u00ed la primera sesi\u00f3n. &nbsp;La directora del Instituto de Parasitolog\u00eda y Biomedicina L\u00f3pez-Neyra del CSIC e investigadora del proyecto <a href=\"https:\/\/andaluciabiotec.csic.es\/proyecto-3-ptecu\/\">PTECU \u2013 Plataforma de Transcript\u00f3mica Espacial para Aplicaciones Biom\u00e9dicas<\/a>, la doctora Fuencisla Matesanz del Barrio, dio la bienvenida destacando el papel del IPBLN y el Plan Complementario en el impulso para la implementaci\u00f3n de modelos celulares avanzados en terapias personalizadas, resaltando los progresos realizados en Andaluc\u00eda en este \u00e1mbito. De manera complementaria, el Dr. Miguel \u00c1ngel Moreno Mateos, investigador del Centro Andaluz de Biolog\u00eda del Desarrollo (CABD) y l\u00edder del proyecto <a href=\"https:\/\/andaluciabiotec.csic.es\/proyecto-2-bioeditmodel\/\">BIOEDITMODEL \u2013 Generaci\u00f3n y Consolidaci\u00f3n de Herramientas Biotecnol\u00f3gicas y de Edici\u00f3n Gen\u00f3mica para el Desarrollo y Uso de Biomodelos<\/a> , ofreci\u00f3 una charla titulada &#8216;Optimizaci\u00f3n y escrutinios basados en CRISPR-Cas dirigido a ARN para comprender el desarrollo temprano de vertebrados&#8217;. Adem\u00e1s, gracias al esfuerzo conjunto de Andaluc\u00eda Biotec Salud y sus entidades colaboradoras, como es la Fundaci\u00f3n Medina, los asistentes pudieron disfrutar de la ponencia del investigador Troy Luster, de la Universidad del Noreste en EEUU, quien present\u00f3 su trabajo sobre cribados CRISPR para el descubrimiento de ediciones que mejoran la respuesta inmunitaria.<\/p>\n\n\n\n<p>Adem\u00e1s, el doctor Moreno Mateos particip\u00f3 en una cuarta sesi\u00f3n en formato de mesa redonda titulada \u201cSinergias en el descubrimiento de f\u00e1rmacos en Espa\u00f1a\u201d moderada por la directora de Medina Discovery, Olga Genilloud, y en la que tambi\u00e9n participaron <strong>Mabel Loza (USC), Mar\u00eda Jes\u00fas Vicent (CIPF), Antonio G\u00f3mez (Fundaci\u00f3n Kaertor) y Noureddine Khiar (CSIC)<\/strong><strong>,<\/strong> centrando la discusi\u00f3n en los desaf\u00edos y oportunidades de las nuevas tecnolog\u00edas en modelos celulares para el descubrimiento temprano de f\u00e1rmacos. \u200b<\/p>\n\n\n\n<p>La jornada &#8216;Encuentros 2025&#8217; sirvi\u00f3 as\u00ed, como un foro esencial para el intercambio de conocimientos y la colaboraci\u00f3n entre investigadores y profesionales del sector biotecnol\u00f3gico, consolidando a Andaluc\u00eda-Biotec Salud como un referente en investigaci\u00f3n biom\u00e9dica y biotecnol\u00f3gica.<\/p>\n","protected":false},"excerpt":{"rendered":"<p>El Plan Complementario Andaluc\u00eda-Biotec Salud estuvo el pasada 21 de febrero en la jornada cient\u00edfica \u201cEncuentros 2025: CRISPR, Modelos Celulares Avanzados y m\u00e1s all\u00e1\u201d, un foro que reuni\u00f3 a expertos del \u00e1mbito biom\u00e9dico para debatir sobre los \u00faltimos avances en edici\u00f3n gen\u00e9tica, inteligencia artificial y descubrimiento de f\u00e1rmacos. La Fundaci\u00f3n MEDINA, Centro de Excelencia en &hellip;<\/p>\n<p class=\"read-more\"> <a class=\"\" href=\"https:\/\/planescomplementariossalud.es\/ca\/andalucia-biotec-salud-participa-en-la-jornada-encuentros-2025-organizada-por-la-fundacion-medina-en-granada\/\"> <span class=\"screen-reader-text\">ANDALUC\u00cdA BIOTEC SALUD PARTICIPA EN LA JORNADA &#8216;ENCUENTROS 2025&#8217; ORGANIZADA POR LA FUNDACI\u00d3N MEDINA EN GRANADA<\/span> Llegeix m\u00e9s &raquo;<\/a><\/p>\n","protected":false},"author":15,"featured_media":18983,"comment_status":"closed","ping_status":"closed","sticky":false,"template":"","format":"standard","meta":{"site-sidebar-layout":"default","site-content-layout":"","ast-site-content-layout":"default","site-content-style":"default","site-sidebar-style":"default","ast-global-header-display":"","ast-banner-title-visibility":"","ast-main-header-display":"","ast-hfb-above-header-display":"","ast-hfb-below-header-display":"","ast-hfb-mobile-header-display":"","site-post-title":"","ast-breadcrumbs-content":"","ast-featured-img":"","footer-sml-layout":"","theme-transparent-header-meta":"","adv-header-id-meta":"","stick-header-meta":"","header-above-stick-meta":"","header-main-stick-meta":"","header-below-stick-meta":"","astra-migrate-meta-layouts":"","ast-page-background-enabled":"default","ast-page-background-meta":{"desktop":{"background-color":"var(--ast-global-color-4)","background-image":"","background-repeat":"repeat","background-position":"center center","background-size":"auto","background-attachment":"scroll","background-type":"","background-media":"","overlay-type":"","overlay-color":"","overlay-gradient":""},"tablet":{"background-color":"","background-image":"","background-repeat":"repeat","background-position":"center center","background-size":"auto","background-attachment":"scroll","background-type":"","background-media":"","overlay-type":"","overlay-color":"","overlay-gradient":""},"mobile":{"background-color":"","background-image":"","background-repeat":"repeat","background-position":"center center","background-size":"auto","background-attachment":"scroll","background-type":"","background-media":"","overlay-type":"","overlay-color":"","overlay-gradient":""}},"ast-content-background-meta":{"desktop":{"background-color":"var(--ast-global-color-5)","background-image":"","background-repeat":"repeat","background-position":"center center","background-size":"auto","background-attachment":"scroll","background-type":"","background-media":"","overlay-type":"","overlay-color":"","overlay-gradient":""},"tablet":{"background-color":"var(--ast-global-color-5)","background-image":"","background-repeat":"repeat","background-position":"center center","background-size":"auto","background-attachment":"scroll","background-type":"","background-media":"","overlay-type":"","overlay-color":"","overlay-gradient":""},"mobile":{"background-color":"var(--ast-global-color-5)","background-image":"","background-repeat":"repeat","background-position":"center center","background-size":"auto","background-attachment":"scroll","background-type":"","background-media":"","overlay-type":"","overlay-color":"","overlay-gradient":""}},"footnotes":""},"categories":[75],"tags":[262,109],"class_list":["post-18987","post","type-post","status-publish","format-standard","has-post-thumbnail","hentry","category-actualidad-ca","tag-andalucia-ca","tag-evento-ca"],"_links":{"self":[{"href":"https:\/\/planescomplementariossalud.es\/ca\/wp-json\/wp\/v2\/posts\/18987","targetHints":{"allow":["GET"]}}],"collection":[{"href":"https:\/\/planescomplementariossalud.es\/ca\/wp-json\/wp\/v2\/posts"}],"about":[{"href":"https:\/\/planescomplementariossalud.es\/ca\/wp-json\/wp\/v2\/types\/post"}],"author":[{"embeddable":true,"href":"https:\/\/planescomplementariossalud.es\/ca\/wp-json\/wp\/v2\/users\/15"}],"replies":[{"embeddable":true,"href":"https:\/\/planescomplementariossalud.es\/ca\/wp-json\/wp\/v2\/comments?post=18987"}],"version-history":[{"count":1,"href":"https:\/\/planescomplementariossalud.es\/ca\/wp-json\/wp\/v2\/posts\/18987\/revisions"}],"predecessor-version":[{"id":18992,"href":"https:\/\/planescomplementariossalud.es\/ca\/wp-json\/wp\/v2\/posts\/18987\/revisions\/18992"}],"wp:featuredmedia":[{"embeddable":true,"href":"https:\/\/planescomplementariossalud.es\/ca\/wp-json\/wp\/v2\/media\/18983"}],"wp:attachment":[{"href":"https:\/\/planescomplementariossalud.es\/ca\/wp-json\/wp\/v2\/media?parent=18987"}],"wp:term":[{"taxonomy":"category","embeddable":true,"href":"https:\/\/planescomplementariossalud.es\/ca\/wp-json\/wp\/v2\/categories?post=18987"},{"taxonomy":"post_tag","embeddable":true,"href":"https:\/\/planescomplementariossalud.es\/ca\/wp-json\/wp\/v2\/tags?post=18987"}],"curies":[{"name":"wp","href":"https:\/\/api.w.org\/{rel}","templated":true}]}}