{"id":11822,"date":"2024-04-17T09:17:17","date_gmt":"2024-04-17T09:17:17","guid":{"rendered":"https:\/\/planescomplementariossalud.es\/?p=11822"},"modified":"2024-07-17T10:19:57","modified_gmt":"2024-07-17T10:19:57","slug":"investigadores-del-plan-complementario-en-cataluna-llevan-a-cabo-actividades-de-divulgacion-para-estudiantes-de-eso-y-bachillerato","status":"publish","type":"post","link":"https:\/\/planescomplementariossalud.es\/ca\/investigadores-del-plan-complementario-en-cataluna-llevan-a-cabo-actividades-de-divulgacion-para-estudiantes-de-eso-y-bachillerato\/","title":{"rendered":"Investigadores del Plan Complementario en Catalu\u00f1a llevan a cabo actividades de divulgaci\u00f3n para estudiantes de ESO y Bachillerato"},"content":{"rendered":"\n<p><strong>Durante el pasado mes de marzo tres de los proyectos colaborativos coordinados por Catalu\u00f1a, B-ORG, ADNano y ABPATHFINDER, acercaron su investigaci\u00f3n a m\u00e1s de 150 estudiantes, a trav\u00e9s de talleres y actividades educativas.<\/strong><\/p>\n\n\n\n<div class=\"wp-block-columns is-layout-flex wp-container-core-columns-is-layout-28f84493 wp-block-columns-is-layout-flex\">\n<div class=\"wp-block-column is-layout-flow wp-block-column-is-layout-flow\">\n<figure class=\"wp-block-image aligncenter size-full is-resized\"><img fetchpriority=\"high\" decoding=\"async\" width=\"801\" height=\"601\" src=\"https:\/\/planescomplementariossalud.es\/wp-content\/uploads\/2024\/04\/ang.jpg\" alt=\"\" class=\"wp-image-11799\" style=\"width:721px;height:auto\" srcset=\"https:\/\/planescomplementariossalud.es\/wp-content\/uploads\/2024\/04\/ang.jpg 801w, https:\/\/planescomplementariossalud.es\/wp-content\/uploads\/2024\/04\/ang-300x225.jpg 300w, https:\/\/planescomplementariossalud.es\/wp-content\/uploads\/2024\/04\/ang-768x576.jpg 768w\" sizes=\"(max-width: 801px) 100vw, 801px\" \/><\/figure>\n<\/div>\n<\/div>\n\n\n\n<p><br>Las actividades de divulgaci\u00f3n cient\u00edfica desempe\u00f1an un papel esencial a la hora de acercar los avances en los campos biotecnol\u00f3gico y digital a la sociedad. Por este motivo, una de las l\u00edneas estrat\u00e9gicas del Plan Complementario de Biotecnolog\u00eda Aplicada a la Salud, es difundir las \u00faltimas novedades de la medicina personalizada mediante actividades educativas, jornadas, talleres y ferias. En efecto, nos implicamos en diferentes iniciativas que tienen como objetivo no solo informar sobre los avances en biotecnolog\u00eda y salud, sino tambi\u00e9n fomentar la participaci\u00f3n activa y el di\u00e1logo entre los diferentes actores involucrados.<br>En este contexto, el pasado mes de marzo, investigadores de diferentes proyectos colaborativos del Plan Complementario coordinados por Catalu\u00f1a participaron en actividades de divulgaci\u00f3n dirigidas a estudiantes de ESO y Bachillerato en Barcelona.<\/p>\n\n\n\n<p><strong>Proyecto con el Instituto Angeleta Ferrer<\/strong><br><br>Una de las actividades se llev\u00f3 a cabo en el Instituto Angeleta Ferrer, en el marco de una colaboraci\u00f3n con el Instituto de Bioingenier\u00eda de Catalu\u00f1a (IBEC). Durante el mes de febrero y marzo, un grupo de estudiantes de 1\u00ba de ESO de ese centro educativo trabajaron estrechamente con David G\u00f3mez-Cabeza, investigador postdoctoral involucrado en el <a href=\"https:\/\/planescomplementariossalud.es\/b-org\/\" target=\"_blank\" rel=\"noreferrer noopener\">proyecto colaborativo B-ORG<\/a> y que trabaja en el <a href=\"https:\/\/ibecbarcelona.eu\/es\/molecular-imaging-for-precision-medicine\/\" target=\"_blank\" rel=\"noreferrer noopener\">Laboratorio de Imagen Molecular para Medicina de Precisi\u00f3n (MIPMED)<\/a> del IBEC.<br><br>El principal objetivo del proyecto B-ORG es generar modelos biol\u00f3gicos humanos fiables para comprender mejor la enfermedad del h\u00edgado graso no alcoh\u00f3lico y probar diferentes f\u00e1rmacos para tratarla. La enfermedad del h\u00edgado graso no alcoh\u00f3lico (NAFLD, del ingl\u00e9s Non-alcoholic fatty liver disease) es la causa m\u00e1s com\u00fan de enfermedad hep\u00e1tica cr\u00f3nica con una prevalencia del 25% en la poblaci\u00f3n general, la cual incrementa al 50-80% en las subpoblaciones con obesidad o diabetes. Es una enfermedad progresiva que puede derivar en una disfuncionalidad hep\u00e1tica, cirrosis o c\u00e1ncer por la progresiva fibrosis acumulada.<br><br>Partiendo del proyecto B-ORG, los estudiantes tuvieron la oportunidad de aprender sobre el m\u00e9todo cient\u00edfico, c\u00f3mo se definen los seres vivos, cu\u00e1les son sus caracter\u00edsticas y como se organizan internamente y entre ellos. Con estos conocimientos desarrollaron un proyecto de investigaci\u00f3n que se present\u00f3 en formato de poster cient\u00edfico en un \u201cmini congreso\u201d al final de la actividad, con la asistencia de profesores y familiares. Esta experiencia les ha permitido acercarse a un trabajo de investigaci\u00f3n real que se lleva a cabo en los laboratorios, y tambi\u00e9n de aprender como se presentan los avances cient\u00edficos en congresos. Adem\u00e1s de los conocimientos cient\u00edficos, han tenido la oportunidad de conocer de cerca un investigador y poder indagar sobre su recorrido y c\u00f3mo es el d\u00eda a d\u00eda de una persona que se dedica a la ciencia experimental.<\/p>\n\n\n\n<div class=\"wp-block-columns is-layout-flex wp-container-core-columns-is-layout-28f84493 wp-block-columns-is-layout-flex\">\n<div class=\"wp-block-column is-layout-flow wp-block-column-is-layout-flow\">\n<div class=\"wp-block-columns is-layout-flex wp-container-core-columns-is-layout-28f84493 wp-block-columns-is-layout-flex\">\n<div class=\"wp-block-column is-layout-flow wp-block-column-is-layout-flow\">\n<figure class=\"wp-block-image aligncenter size-full is-resized\"><img decoding=\"async\" width=\"816\" height=\"612\" src=\"https:\/\/planescomplementariossalud.es\/wp-content\/uploads\/2024\/04\/an2.jpg\" alt=\"\" class=\"wp-image-11805\" style=\"width:465px;height:auto\" srcset=\"https:\/\/planescomplementariossalud.es\/wp-content\/uploads\/2024\/04\/an2.jpg 816w, https:\/\/planescomplementariossalud.es\/wp-content\/uploads\/2024\/04\/an2-300x225.jpg 300w, https:\/\/planescomplementariossalud.es\/wp-content\/uploads\/2024\/04\/an2-768x576.jpg 768w\" sizes=\"(max-width: 816px) 100vw, 816px\" \/><\/figure>\n<\/div>\n<\/div>\n<\/div>\n<\/div>\n\n\n\n<p><strong>Sal\u00f3 de l\u2019Ensenyament<\/strong><br><br>El <a href=\"https:\/\/www.ensenyament.com\/\" data-type=\"link\" data-id=\"https:\/\/www.ensenyament.com\/\" target=\"_blank\" rel=\"noreferrer noopener\">Sal\u00f3 de l\u2019Ensenyament<\/a> es una feria anual organizada por los departamentos de Educaci\u00f3n y el de Investigaci\u00f3n y Universidades de la Generalitat de Catalu\u00f1a. Est\u00e1 orientada a estudiantes de ESO y Bachillerato que est\u00e9n interesados en conocer la oferta de grados universitarios y las diferentes salidas profesionales. Este a\u00f1o, del 26 al 30 de marzo el Sal\u00f3 tuvo m\u00e1s de 100.000 visitantes.<br><br>Dentro de las propuestas de la feria, est\u00e1n actividades cient\u00edficas llevadas a cabo por diferentes instituciones, y el Plan Complementario particip\u00f3 con dos talleres sobre las tem\u00e1ticas de los proyectos ADNano y ABPATHFINDER en el stand de la<a href=\"https:\/\/www.fundaciorecerca.cat\/es\/\" data-type=\"link\" data-id=\"https:\/\/www.fundaciorecerca.cat\/es\/\" target=\"_blank\" rel=\"noreferrer noopener\"> Fundaci\u00f3 Catalana per a la Recerca i la Innovaci\u00f3 (FCRI)<\/a>. M\u00e1s de 130 estudiantes pudieron ver, experimentar y aprender directamente de la mano de algunos de los investigadores involucrados en estos dos proyectos punteros en el campo de la biomedicina.<br><br>Marc Torrent Burgas, investigator de la Universidad Aut\u00f3noma de Barcelona (UAB) y coordinator del <a href=\"https:\/\/planescomplementariossalud.es\/abpathfinder\/\" data-type=\"link\" data-id=\"https:\/\/planescomplementariossalud.es\/abpathfinder\/\" target=\"_blank\" rel=\"noreferrer noopener\">proyecto colaborativo ABPATHFINDER<\/a>, juntamente otros miembros de su laboratorio, mostraron c\u00f3mo se dise\u00f1an antibi\u00f3ticos de precisi\u00f3n contra bacterias pat\u00f3genas. La idea es conseguir una acci\u00f3n dirigida frente a esas bacterias de forma a no interferir con el resto de las bacterias beneficiosas que existen en nuestro cuerpo, especialmente en la microbiota intestinal, para as\u00ed limitar los efectos negativos de los antibi\u00f3ticos de amplio espectro. El proyecto ABPATHFINDER utiliza una combinaci\u00f3n de ensayos de cribado experimentales y computacionales para descubrir nuevos inhibidores, adem\u00e1s de medir la actividad antimicrobiana de estas mol\u00e9culas, su la capacidad para generar resistencia en las bacterias y el efecto en la microbiota intestinal.<br><br>Los estudiantes han visto placas de Petri con cultivos bacterianos y el material de laboratorio que se usa en bacteriolog\u00eda, han participado de un peque\u00f1o concurso con preguntas sobre resistencia a antibi\u00f3ticos y han podido hablar con los investigadores para ayudar a orientar su futuro profesional.<\/p>\n\n\n\n<div class=\"wp-block-columns is-layout-flex wp-container-core-columns-is-layout-28f84493 wp-block-columns-is-layout-flex\">\n<div class=\"wp-block-column is-layout-flow wp-block-column-is-layout-flow\">\n<figure class=\"wp-block-image aligncenter size-large is-resized\"><img decoding=\"async\" width=\"1024\" height=\"576\" src=\"https:\/\/planescomplementariossalud.es\/wp-content\/uploads\/2024\/04\/an3-1024x576.jpg\" alt=\"\" class=\"wp-image-11810\" style=\"width:587px;height:auto\" srcset=\"https:\/\/planescomplementariossalud.es\/wp-content\/uploads\/2024\/04\/an3-1024x576.jpg 1024w, https:\/\/planescomplementariossalud.es\/wp-content\/uploads\/2024\/04\/an3-300x169.jpg 300w, https:\/\/planescomplementariossalud.es\/wp-content\/uploads\/2024\/04\/an3-768x432.jpg 768w, https:\/\/planescomplementariossalud.es\/wp-content\/uploads\/2024\/04\/an3.jpg 1113w\" sizes=\"(max-width: 1024px) 100vw, 1024px\" \/><\/figure>\n<\/div>\n<\/div>\n\n\n\n<p><br>Por otro lado, investigadores del proyecto colaborativo ADNano, coordinado por el IBEC, enfocaron su taller en los nanof\u00e1rmacos y en su posible utilizaci\u00f3n para tratar enfermedades cerebrales como el Alzheimer. Concretamente, buscan formas de explotar las rutas naturales de transporte a trav\u00e9s de la barrera hematoencef\u00e1lica utilizando la nanomedicina para poder llevar medicamentos de manera eficiente hasta el cerebro.<br>Los estudiantes aprendieron qu\u00e9 son las nanopart\u00edculas y c\u00f3mo se pueden utilizar en biomedicina, y adem\u00e1s pudieron ver un vial con una muestra de las nanopart\u00edculas que utilizan en el laboratorio. Tambi\u00e9n pudieron observar muestras de cerebro de rat\u00f3n sano y con Alzheimer al microscopio, cerebros d rat\u00f3n sano y con un tumor y tambi\u00e9n una maqueta del cerebro con todas sus partes. Finalmente los investigadores tambi\u00e9n explicaron qu\u00e9 son los receptores celulares y los ligandos y c\u00f3mo las nanopart\u00edculas utilizan este sistema para entrar en las c\u00e9lulas.<\/p>\n\n\n\n<div class=\"wp-block-columns is-layout-flex wp-container-core-columns-is-layout-28f84493 wp-block-columns-is-layout-flex\">\n<div class=\"wp-block-column is-layout-flow wp-block-column-is-layout-flow\">\n<figure class=\"wp-block-image aligncenter size-full is-resized\"><img loading=\"lazy\" decoding=\"async\" width=\"929\" height=\"595\" src=\"https:\/\/planescomplementariossalud.es\/wp-content\/uploads\/2024\/04\/an4.jpg\" alt=\"\" class=\"wp-image-11815\" style=\"width:531px;height:auto\" srcset=\"https:\/\/planescomplementariossalud.es\/wp-content\/uploads\/2024\/04\/an4.jpg 929w, https:\/\/planescomplementariossalud.es\/wp-content\/uploads\/2024\/04\/an4-300x192.jpg 300w, https:\/\/planescomplementariossalud.es\/wp-content\/uploads\/2024\/04\/an4-768x492.jpg 768w\" sizes=\"(max-width: 929px) 100vw, 929px\" \/><\/figure>\n<\/div>\n<\/div>\n","protected":false},"excerpt":{"rendered":"<p>Durante el pasado mes de marzo tres de los proyectos colaborativos coordinados por Catalu\u00f1a, B-ORG, ADNano y ABPATHFINDER, acercaron su investigaci\u00f3n a m\u00e1s de 150 estudiantes, a trav\u00e9s de talleres y actividades educativas. Las actividades de divulgaci\u00f3n cient\u00edfica desempe\u00f1an un papel esencial a la hora de acercar los avances en los campos biotecnol\u00f3gico y digital &hellip;<\/p>\n<p class=\"read-more\"> <a class=\"\" href=\"https:\/\/planescomplementariossalud.es\/ca\/investigadores-del-plan-complementario-en-cataluna-llevan-a-cabo-actividades-de-divulgacion-para-estudiantes-de-eso-y-bachillerato\/\"> <span class=\"screen-reader-text\">Investigadores del Plan Complementario en Catalu\u00f1a llevan a cabo actividades de divulgaci\u00f3n para estudiantes de ESO y Bachillerato<\/span> Llegeix m\u00e9s &raquo;<\/a><\/p>\n","protected":false},"author":15,"featured_media":11801,"comment_status":"closed","ping_status":"closed","sticky":false,"template":"","format":"standard","meta":{"site-sidebar-layout":"default","site-content-layout":"","ast-site-content-layout":"default","site-content-style":"default","site-sidebar-style":"default","ast-global-header-display":"","ast-banner-title-visibility":"","ast-main-header-display":"","ast-hfb-above-header-display":"","ast-hfb-below-header-display":"","ast-hfb-mobile-header-display":"","site-post-title":"","ast-breadcrumbs-content":"","ast-featured-img":"","footer-sml-layout":"","theme-transparent-header-meta":"","adv-header-id-meta":"","stick-header-meta":"","header-above-stick-meta":"","header-main-stick-meta":"","header-below-stick-meta":"","astra-migrate-meta-layouts":"","ast-page-background-enabled":"default","ast-page-background-meta":{"desktop":{"background-color":"var(--ast-global-color-4)","background-image":"","background-repeat":"repeat","background-position":"center center","background-size":"auto","background-attachment":"scroll","background-type":"","background-media":"","overlay-type":"","overlay-color":"","overlay-gradient":""},"tablet":{"background-color":"","background-image":"","background-repeat":"repeat","background-position":"center center","background-size":"auto","background-attachment":"scroll","background-type":"","background-media":"","overlay-type":"","overlay-color":"","overlay-gradient":""},"mobile":{"background-color":"","background-image":"","background-repeat":"repeat","background-position":"center center","background-size":"auto","background-attachment":"scroll","background-type":"","background-media":"","overlay-type":"","overlay-color":"","overlay-gradient":""}},"ast-content-background-meta":{"desktop":{"background-color":"var(--ast-global-color-5)","background-image":"","background-repeat":"repeat","background-position":"center center","background-size":"auto","background-attachment":"scroll","background-type":"","background-media":"","overlay-type":"","overlay-color":"","overlay-gradient":""},"tablet":{"background-color":"var(--ast-global-color-5)","background-image":"","background-repeat":"repeat","background-position":"center center","background-size":"auto","background-attachment":"scroll","background-type":"","background-media":"","overlay-type":"","overlay-color":"","overlay-gradient":""},"mobile":{"background-color":"var(--ast-global-color-5)","background-image":"","background-repeat":"repeat","background-position":"center center","background-size":"auto","background-attachment":"scroll","background-type":"","background-media":"","overlay-type":"","overlay-color":"","overlay-gradient":""}},"footnotes":""},"categories":[75],"tags":[196,86,176,199],"class_list":["post-11822","post","type-post","status-publish","format-standard","has-post-thumbnail","hentry","category-actualidad-ca","tag-catalunya-ca","tag-cribado-de-farmacos-ca","tag-divulgacion-ca","tag-modelos-biologicos-ca"],"_links":{"self":[{"href":"https:\/\/planescomplementariossalud.es\/ca\/wp-json\/wp\/v2\/posts\/11822","targetHints":{"allow":["GET"]}}],"collection":[{"href":"https:\/\/planescomplementariossalud.es\/ca\/wp-json\/wp\/v2\/posts"}],"about":[{"href":"https:\/\/planescomplementariossalud.es\/ca\/wp-json\/wp\/v2\/types\/post"}],"author":[{"embeddable":true,"href":"https:\/\/planescomplementariossalud.es\/ca\/wp-json\/wp\/v2\/users\/15"}],"replies":[{"embeddable":true,"href":"https:\/\/planescomplementariossalud.es\/ca\/wp-json\/wp\/v2\/comments?post=11822"}],"version-history":[{"count":1,"href":"https:\/\/planescomplementariossalud.es\/ca\/wp-json\/wp\/v2\/posts\/11822\/revisions"}],"predecessor-version":[{"id":11827,"href":"https:\/\/planescomplementariossalud.es\/ca\/wp-json\/wp\/v2\/posts\/11822\/revisions\/11827"}],"wp:featuredmedia":[{"embeddable":true,"href":"https:\/\/planescomplementariossalud.es\/ca\/wp-json\/wp\/v2\/media\/11801"}],"wp:attachment":[{"href":"https:\/\/planescomplementariossalud.es\/ca\/wp-json\/wp\/v2\/media?parent=11822"}],"wp:term":[{"taxonomy":"category","embeddable":true,"href":"https:\/\/planescomplementariossalud.es\/ca\/wp-json\/wp\/v2\/categories?post=11822"},{"taxonomy":"post_tag","embeddable":true,"href":"https:\/\/planescomplementariossalud.es\/ca\/wp-json\/wp\/v2\/tags?post=11822"}],"curies":[{"name":"wp","href":"https:\/\/api.w.org\/{rel}","templated":true}]}}